{"id":11938,"date":"2020-12-16T16:20:46","date_gmt":"2020-12-16T14:20:46","guid":{"rendered":"https:\/\/leitbetrieb.exclusive-design.at\/at\/leitbetrieb-armstark-feiert-eroeffnung-in-klagenfurt\/"},"modified":"2021-07-12T11:17:24","modified_gmt":"2021-07-12T09:17:24","slug":"leitbetrieb-armstark-feiert-eroeffnung-in-klagenfurt","status":"publish","type":"post","link":"https:\/\/www.leitbetrieb.com\/at\/leitbetrieb-armstark-feiert-eroeffnung-in-klagenfurt\/","title":{"rendered":"Leitbetrieb Armstark feiert Er\u00f6ffnung in Klagenfurt"},"content":{"rendered":"\t\t<div data-elementor-type=\"wp-post\" data-elementor-id=\"11938\" class=\"elementor elementor-11938\" data-elementor-post-type=\"post\">\n\t\t\t\t\t\t<section class=\"elementor-section elementor-top-section elementor-element elementor-element-486a114 elementor-section-boxed elementor-section-height-default elementor-section-height-default\" data-id=\"486a114\" data-element_type=\"section\">\n\t\t\t\t\t\t<div class=\"elementor-container elementor-column-gap-default\">\n\t\t\t\t\t<div class=\"elementor-column elementor-col-100 elementor-top-column elementor-element elementor-element-3f17dcbf\" data-id=\"3f17dcbf\" data-element_type=\"column\">\n\t\t\t<div class=\"elementor-widget-wrap elementor-element-populated\">\n\t\t\t\t\t\t<div class=\"elementor-element elementor-element-dbbdf87 elementor-widget elementor-widget-text-editor\" data-id=\"dbbdf87\" data-element_type=\"widget\" data-widget_type=\"text-editor.default\">\n\t\t\t\t<div class=\"elementor-widget-container\">\n\t\t\t\t\t\t\t\t\t<p>LEITBETRIEB Armstark feiert Er\u00f6ffnung in Klagenfurt und Spendet 10.000\u20ac<\/p>\t\t\t\t\t\t\t\t<\/div>\n\t\t\t\t<\/div>\n\t\t\t\t<section class=\"elementor-section elementor-inner-section elementor-element elementor-element-696b7b18 elementor-section-boxed elementor-section-height-default elementor-section-height-default\" data-id=\"696b7b18\" data-element_type=\"section\">\n\t\t\t\t\t\t<div class=\"elementor-container elementor-column-gap-default\">\n\t\t\t\t\t<div class=\"elementor-column elementor-col-50 elementor-inner-column elementor-element elementor-element-5e8bd8e8\" data-id=\"5e8bd8e8\" data-element_type=\"column\">\n\t\t\t<div class=\"elementor-widget-wrap elementor-element-populated\">\n\t\t\t\t\t\t<div class=\"elementor-element elementor-element-785e0a0f elementor-widget elementor-widget-text-editor\" data-id=\"785e0a0f\" data-element_type=\"widget\" data-widget_type=\"text-editor.default\">\n\t\t\t\t<div class=\"elementor-widget-container\">\n\t\t\t\t\t\t\t\t\t<p><strong>Armstark hat doppelten Grund zur Freude:\u00a0Neuer\u00f6ffnung des siebten Armstark Standortes in Klagenfurt und eine Spende von 10.000 \u20ac an die Stiftung Kindertraum<\/strong><\/p><p><strong>27 JAHRE, 7X ARMSTARK: WHIRLPOOL-PIONIER ER\u00d6FFNET IN KLAGENFURT<br \/><\/strong>Die Firma Armstark macht in punkto Branchenerfahrung keiner etwas vor. Bereits seit 27 Jahren ist der Familienbetrieb Ansprechpartner Nr. 1, wenn es um die pers\u00f6nliche Wellnessoase zuhause geht.<br \/>Speziell heuer wurde vielen bewusst, dass ein \u201ekrisensicherer lebenslanger Urlaub\u201c einen ganz besonderen Reiz bietet, woraufhin eine enorme Nachfrage nach Whirlpools, Swim Spas, Infrarot- und Saunakabinen zu verzeichnen war. Armstark betreut mit 7 Standorten, eigenem Fuhrpark und einem erfahrenen Kundenserviceteam bereits mehr als 23.000 zufriedene KundInnen. Das Erfolgsrezept: Bei Armstark stimmt nicht nur die Qualit\u00e4t, der pers\u00f6nliche Kundenkontakt steht absolut im Mittelpunkt.<\/p><p>\u201eAuf \u00fcber 300 m\u00b2 pr\u00e4sentieren wir Ihnen das Beste, das die Wellnesswelt bietet. Whirlpools von Sundance\u00ae Spas stammen aus dem Hause Jacuzzi\u00ae \u2013 dem Erfinder und weltweiten Whirlpool-Revolution\u00e4r. Durch die perfekte Anordnung patentierter D\u00fcsen entsteht Ihre Lieblingsmassage, die sich wie aus Profihand anf\u00fchlt. Das Beste: Ein Whirlpool von Armstark bietet Ihnen die Unabh\u00e4ngigkeit, die Sie sich w\u00fcnschen. Dank der Top-Isolierung ist der Badespa\u00df auch im Winter uneingeschr\u00e4nkt m\u00f6glich!\u201c, so Verkaufsberater Josef Schweiger.<\/p><p>Zahlreiche Er\u00f6ffnungsangebote warten auf Sie. Zur Neuer\u00f6ffnung bietet Armstark dazu ein ganz besonderes Zuckerl. Das Weihnachts-Spezialpaket (High-End Wasserpflegesystem, Garantieverl\u00e4ngerung, kostenlose Lieferung) im Wert von \u20ac 4.500 erhalten Sie bei Bestellung eines Sundance\u00ae Spas kostenlos on top! Worauf warten? Jetzt gleich anfragen.<\/p>\t\t\t\t\t\t\t\t<\/div>\n\t\t\t\t<\/div>\n\t\t\t\t\t<\/div>\n\t\t<\/div>\n\t\t\t\t<div class=\"elementor-column elementor-col-50 elementor-inner-column elementor-element elementor-element-4a7799ab\" data-id=\"4a7799ab\" data-element_type=\"column\">\n\t\t\t<div class=\"elementor-widget-wrap elementor-element-populated\">\n\t\t\t\t\t\t<div class=\"elementor-element elementor-element-6e7ce116 elementor-widget elementor-widget-text-editor\" data-id=\"6e7ce116\" data-element_type=\"widget\" data-widget_type=\"text-editor.default\">\n\t\t\t\t<div class=\"elementor-widget-container\">\n\t\t\t\t\t\t\t\t\t<p><strong>ARMSTARK ERF\u00dcLLT HERZENSW\u00dcNSCHE UND SPENDET 10.000 \u20ac AN DIE STIFTUNG KINDERTRAUM<\/strong><\/p><p>2020 war ein Jahr der Herausforderungen. Umso mehr freut sich die Stiftung Kindertraum \u00fcber den gro\u00dfz\u00fcgigen Spendenscheck der Firma Armstark. Die Stiftung Kindertraum erf\u00fcllt Herzensw\u00fcnsche von Kindern und Jugendlichen mit Behinderungen oder schweren Krankheiten in ganz \u00d6sterreich.<\/p><p>Mit dem Spendenbetrag von 10.000 \u20ac werden gleich 3 Herzensw\u00fcnsche f\u00fcr 24 Kinder wahr:<br \/>F\u00fcr Laura wird ein spezielles H\u00f6r- und Wahrnehmungstraining mittels entspannender Musik erm\u00f6glicht, welches die Entwicklung f\u00f6rdert. An einer allgemeinen Sonderschule profitieren 22 Kinder von einem Regenbogenland-Bausteinsystem f\u00fcr fantasievolles Lernen. Die Holzbausteine f\u00f6rdern Kreativit\u00e4t, Konzentration und motorisches Geschick. Levinia freut sich \u00fcber ein neues sicheres Therapie-Dreirad, um gemeinsam mit ihren Liebsten sch\u00f6ne Radausfl\u00fcge unternehmen zu k\u00f6nnen.<\/p><p>\u201eWir sind froh, wenn wir in dieser schwierigen Zeit einen gesellschaftlichen Beitrag leisten und Kinderaugen zum Leuchten bringen k\u00f6nnen. Daher haben wir uns heuer f\u00fcr eine Spende \u00fcber 10.000\u20ac entschieden. In diesem Sinne m\u00f6chten wir uns auch bei unseren \u00fcber 23.000 zufriedenen KundInnen f\u00fcr das entgegengebrachte Vertrauen bedanken\u201c, so Denise Armstark.<\/p>\t\t\t\t\t\t\t\t<\/div>\n\t\t\t\t<\/div>\n\t\t\t\t\t<\/div>\n\t\t<\/div>\n\t\t\t\t\t<\/div>\n\t\t<\/section>\n\t\t\t\t<section class=\"elementor-section elementor-inner-section elementor-element elementor-element-42d7d40c elementor-section-boxed elementor-section-height-default elementor-section-height-default\" data-id=\"42d7d40c\" data-element_type=\"section\">\n\t\t\t\t\t\t<div class=\"elementor-container elementor-column-gap-default\">\n\t\t\t\t\t<div class=\"elementor-column elementor-col-100 elementor-inner-column elementor-element elementor-element-735d3b99\" data-id=\"735d3b99\" data-element_type=\"column\">\n\t\t\t<div class=\"elementor-widget-wrap elementor-element-populated\">\n\t\t\t\t\t\t<div class=\"elementor-element elementor-element-7c02876a elementor-widget elementor-widget-gallery\" data-id=\"7c02876a\" data-element_type=\"widget\" data-settings=\"{&quot;columns&quot;:5,&quot;lazyload&quot;:&quot;yes&quot;,&quot;gallery_layout&quot;:&quot;grid&quot;,&quot;columns_tablet&quot;:2,&quot;columns_mobile&quot;:1,&quot;gap&quot;:{&quot;unit&quot;:&quot;px&quot;,&quot;size&quot;:10,&quot;sizes&quot;:[]},&quot;gap_tablet&quot;:{&quot;unit&quot;:&quot;px&quot;,&quot;size&quot;:10,&quot;sizes&quot;:[]},&quot;gap_mobile&quot;:{&quot;unit&quot;:&quot;px&quot;,&quot;size&quot;:10,&quot;sizes&quot;:[]},&quot;link_to&quot;:&quot;file&quot;,&quot;aspect_ratio&quot;:&quot;3:2&quot;,&quot;overlay_background&quot;:&quot;yes&quot;,&quot;content_hover_animation&quot;:&quot;fade-in&quot;}\" data-widget_type=\"gallery.default\">\n\t\t\t\t<div class=\"elementor-widget-container\">\n\t\t\t\t\t\t\t<div class=\"elementor-gallery__container\">\n\t\t\t\t\t\t\t<a class=\"e-gallery-item elementor-gallery-item elementor-animated-content\" href=\"https:\/\/www.leitbetrieb.com\/at\/wp-content\/uploads\/sites\/4\/2021\/05\/2020-12-16_Armstark_1.png\" data-elementor-open-lightbox=\"yes\" data-elementor-lightbox-slideshow=\"7c02876a\" data-elementor-lightbox-title=\"Armstark\" data-elementor-lightbox-description=\"Armstark \" data-e-action-hash=\"#elementor-action%3Aaction%3Dlightbox%26settings%3DeyJpZCI6NDAyMCwidXJsIjoiaHR0cHM6XC9cL3d3dy5sZWl0YmV0cmllYi5jb21cL2F0XC93cC1jb250ZW50XC91cGxvYWRzXC9zaXRlc1wvNFwvMjAyMVwvMDVcLzIwMjAtMTItMTZfQXJtc3RhcmtfMS5wbmciLCJzbGlkZXNob3ciOiI3YzAyODc2YSJ9\">\n\t\t\t\t\t<div class=\"e-gallery-image elementor-gallery-item__image\" data-thumbnail=\"https:\/\/www.leitbetrieb.com\/at\/wp-content\/uploads\/sites\/4\/2021\/05\/2020-12-16_Armstark_1.png\" data-width=\"1438\" data-height=\"589\" aria-label=\"\" role=\"img\" ><\/div>\n\t\t\t\t\t\t\t\t\t\t\t<div class=\"elementor-gallery-item__overlay\"><\/div>\n\t\t\t\t\t\t\t\t\t\t\t\t\t\t<\/a>\n\t\t\t\t\t\t\t<a class=\"e-gallery-item elementor-gallery-item elementor-animated-content\" href=\"https:\/\/www.leitbetrieb.com\/at\/wp-content\/uploads\/sites\/4\/2021\/05\/2020-12-16_Armstark_2.jpg\" data-elementor-open-lightbox=\"yes\" data-elementor-lightbox-slideshow=\"7c02876a\" data-elementor-lightbox-title=\"Armstark\" data-elementor-lightbox-description=\"Armstark \" data-e-action-hash=\"#elementor-action%3Aaction%3Dlightbox%26settings%3DeyJpZCI6NDAyMSwidXJsIjoiaHR0cHM6XC9cL3d3dy5sZWl0YmV0cmllYi5jb21cL2F0XC93cC1jb250ZW50XC91cGxvYWRzXC9zaXRlc1wvNFwvMjAyMVwvMDVcLzIwMjAtMTItMTZfQXJtc3RhcmtfMi5qcGciLCJzbGlkZXNob3ciOiI3YzAyODc2YSJ9\">\n\t\t\t\t\t<div class=\"e-gallery-image elementor-gallery-item__image\" data-thumbnail=\"https:\/\/www.leitbetrieb.com\/at\/wp-content\/uploads\/sites\/4\/2021\/05\/2020-12-16_Armstark_2.jpg\" data-width=\"850\" data-height=\"423\" aria-label=\"\" role=\"img\" ><\/div>\n\t\t\t\t\t\t\t\t\t\t\t<div class=\"elementor-gallery-item__overlay\"><\/div>\n\t\t\t\t\t\t\t\t\t\t\t\t\t\t<\/a>\n\t\t\t\t\t<\/div>\n\t\t\t\t\t<\/div>\n\t\t\t\t<\/div>\n\t\t\t\t\t<\/div>\n\t\t<\/div>\n\t\t\t\t\t<\/div>\n\t\t<\/section>\n\t\t\t\t<section class=\"elementor-section elementor-inner-section elementor-element elementor-element-7643b60f elementor-section-boxed elementor-section-height-default elementor-section-height-default\" data-id=\"7643b60f\" data-element_type=\"section\" data-settings=\"{&quot;background_background&quot;:&quot;classic&quot;}\">\n\t\t\t\t\t\t<div class=\"elementor-container elementor-column-gap-default\">\n\t\t\t\t\t<div class=\"elementor-column elementor-col-100 elementor-inner-column elementor-element elementor-element-305e220f\" data-id=\"305e220f\" data-element_type=\"column\">\n\t\t\t<div class=\"elementor-widget-wrap elementor-element-populated\">\n\t\t\t\t\t\t<div class=\"elementor-element elementor-element-4d5eea96 elementor-align-center elementor-widget elementor-widget-button\" data-id=\"4d5eea96\" data-element_type=\"widget\" data-widget_type=\"button.default\">\n\t\t\t\t<div class=\"elementor-widget-container\">\n\t\t\t\t\t\t\t\t\t<div class=\"elementor-button-wrapper\">\n\t\t\t\t\t<a class=\"elementor-button elementor-button-link elementor-size-sm elementor-animation-shrink\" href=\"https:\/\/www.leitbetrieb.com\/at\/leitbetrieb\/armstark-gmbh-118\/\">\n\t\t\t\t\t\t<span class=\"elementor-button-content-wrapper\">\n\t\t\t\t\t\t\t\t\t<span class=\"elementor-button-text\">zum Firmenprofil<\/span>\n\t\t\t\t\t<\/span>\n\t\t\t\t\t<\/a>\n\t\t\t\t<\/div>\n\t\t\t\t\t\t\t\t<\/div>\n\t\t\t\t<\/div>\n\t\t\t\t\t<\/div>\n\t\t<\/div>\n\t\t\t\t\t<\/div>\n\t\t<\/section>\n\t\t\t\t\t<\/div>\n\t\t<\/div>\n\t\t\t\t\t<\/div>\n\t\t<\/section>\n\t\t\t\t<\/div>\n\t\t","protected":false},"excerpt":{"rendered":"<p>ARMSTARK | Der Leitbetrieb hat doppelten Grund zur Freude: Er feiert die Er\u00f6ffnung des siebten Armstark Standortes in Klagenfurt und spendet dabei 10.000 \u20ac an die Stiftung Kindertraum. Zudem warten besondere Er\u00f6ffnungsangebote.<\/p>\n","protected":false},"author":1,"featured_media":4022,"comment_status":"closed","ping_status":"closed","sticky":false,"template":"","format":"standard","meta":{"site-sidebar-layout":"default","site-content-layout":"default","ast-site-content-layout":"default","site-content-style":"default","site-sidebar-style":"default","ast-global-header-display":"","ast-banner-title-visibility":"","ast-main-header-display":"","ast-hfb-above-header-display":"","ast-hfb-below-header-display":"","ast-hfb-mobile-header-display":"","site-post-title":"","ast-breadcrumbs-content":"","ast-featured-img":"","footer-sml-layout":"","ast-disable-related-posts":"","theme-transparent-header-meta":"default","adv-header-id-meta":"","stick-header-meta":"","header-above-stick-meta":"","header-main-stick-meta":"","header-below-stick-meta":"","astra-migrate-meta-layouts":"default","ast-page-background-enabled":"default","ast-page-background-meta":{"desktop":{"background-color":"var(--ast-global-color-4)","background-image":"","background-repeat":"repeat","background-position":"center center","background-size":"auto","background-attachment":"scroll","background-type":"","background-media":"","overlay-type":"","overlay-color":"","overlay-opacity":"","overlay-gradient":""},"tablet":{"background-color":"","background-image":"","background-repeat":"repeat","background-position":"center center","background-size":"auto","background-attachment":"scroll","background-type":"","background-media":"","overlay-type":"","overlay-color":"","overlay-opacity":"","overlay-gradient":""},"mobile":{"background-color":"","background-image":"","background-repeat":"repeat","background-position":"center center","background-size":"auto","background-attachment":"scroll","background-type":"","background-media":"","overlay-type":"","overlay-color":"","overlay-opacity":"","overlay-gradient":""}},"ast-content-background-meta":{"desktop":{"background-color":"var(--ast-global-color-5)","background-image":"","background-repeat":"repeat","background-position":"center center","background-size":"auto","background-attachment":"scroll","background-type":"","background-media":"","overlay-type":"","overlay-color":"","overlay-opacity":"","overlay-gradient":""},"tablet":{"background-color":"var(--ast-global-color-5)","background-image":"","background-repeat":"repeat","background-position":"center center","background-size":"auto","background-attachment":"scroll","background-type":"","background-media":"","overlay-type":"","overlay-color":"","overlay-opacity":"","overlay-gradient":""},"mobile":{"background-color":"var(--ast-global-color-5)","background-image":"","background-repeat":"repeat","background-position":"center center","background-size":"auto","background-attachment":"scroll","background-type":"","background-media":"","overlay-type":"","overlay-color":"","overlay-opacity":"","overlay-gradient":""}},"footnotes":"","_links_to":"","_links_to_target":""},"categories":[7],"tags":[599,646,647,591,648,631,602,592,649,586],"class_list":["post-11938","post","type-post","status-publish","format-standard","has-post-thumbnail","hentry","category-news","tag-armstark","tag-infrarot","tag-klagenfurt","tag-leitbetrieb","tag-neueroeffnung","tag-oesterreich","tag-sauna","tag-servicequalitaet","tag-swim-spas","tag-whirlpools"],"yoast_head":"<!-- This site is optimized with the Yoast SEO plugin v26.7 - https:\/\/yoast.com\/wordpress\/plugins\/seo\/ -->\n<title>Leitbetrieb Armstark feiert Er\u00f6ffnung in Klagenfurt, Whirlpools &amp; Swim Spas<\/title>\n<meta name=\"description\" content=\"Leitbetrieb Armstark feiert Er\u00f6ffnung in Klagenfurt, Whirlpools, Swim Spas, Infrarot, Sauna vom Profi, Wellnessoase f\u00fcr zu Hause, \u00d6sterreich\" \/>\n<meta name=\"robots\" content=\"index, follow, max-snippet:-1, max-image-preview:large, max-video-preview:-1\" \/>\n<link rel=\"canonical\" href=\"https:\/\/www.leitbetrieb.com\/at\/leitbetrieb-armstark-feiert-eroeffnung-in-klagenfurt\/\" \/>\n<meta property=\"og:locale\" content=\"de_DE\" \/>\n<meta property=\"og:type\" content=\"article\" \/>\n<meta property=\"og:title\" content=\"Leitbetrieb Armstark feiert Er\u00f6ffnung in Klagenfurt, Whirlpools &amp; Swim Spas\" \/>\n<meta property=\"og:description\" content=\"Leitbetrieb Armstark feiert Er\u00f6ffnung in Klagenfurt, Whirlpools, Swim Spas, Infrarot, Sauna vom Profi, Wellnessoase f\u00fcr zu Hause, \u00d6sterreich\" \/>\n<meta property=\"og:url\" content=\"https:\/\/www.leitbetrieb.com\/at\/leitbetrieb-armstark-feiert-eroeffnung-in-klagenfurt\/\" \/>\n<meta property=\"og:site_name\" content=\"Leitbetrieb AT\" \/>\n<meta property=\"article:published_time\" content=\"2020-12-16T14:20:46+00:00\" \/>\n<meta property=\"article:modified_time\" content=\"2021-07-12T09:17:24+00:00\" \/>\n<meta property=\"og:image\" content=\"https:\/\/www.leitbetrieb.com\/at\/wp-content\/uploads\/sites\/4\/2021\/05\/2020-12-16_Armstark_TB.jpg\" \/>\n\t<meta property=\"og:image:width\" content=\"850\" \/>\n\t<meta property=\"og:image:height\" content=\"609\" \/>\n\t<meta property=\"og:image:type\" content=\"image\/jpeg\" \/>\n<meta name=\"author\" content=\"p584314\" \/>\n<meta name=\"twitter:card\" content=\"summary_large_image\" \/>\n<meta name=\"twitter:label1\" content=\"Verfasst von\" \/>\n\t<meta name=\"twitter:data1\" content=\"p584314\" \/>\n\t<meta name=\"twitter:label2\" content=\"Gesch\u00e4tzte Lesezeit\" \/>\n\t<meta name=\"twitter:data2\" content=\"2\u00a0Minuten\" \/>\n<script type=\"application\/ld+json\" class=\"yoast-schema-graph\">{\"@context\":\"https:\/\/schema.org\",\"@graph\":[{\"@type\":\"Article\",\"@id\":\"https:\/\/www.leitbetrieb.com\/at\/leitbetrieb-armstark-feiert-eroeffnung-in-klagenfurt\/#article\",\"isPartOf\":{\"@id\":\"https:\/\/www.leitbetrieb.com\/at\/leitbetrieb-armstark-feiert-eroeffnung-in-klagenfurt\/\"},\"author\":{\"name\":\"p584314\",\"@id\":\"https:\/\/www.leitbetrieb.com\/at\/#\/schema\/person\/164d90036db862489d0582d89949542f\"},\"headline\":\"Leitbetrieb Armstark feiert Er\u00f6ffnung in Klagenfurt\",\"datePublished\":\"2020-12-16T14:20:46+00:00\",\"dateModified\":\"2021-07-12T09:17:24+00:00\",\"mainEntityOfPage\":{\"@id\":\"https:\/\/www.leitbetrieb.com\/at\/leitbetrieb-armstark-feiert-eroeffnung-in-klagenfurt\/\"},\"wordCount\":437,\"image\":{\"@id\":\"https:\/\/www.leitbetrieb.com\/at\/leitbetrieb-armstark-feiert-eroeffnung-in-klagenfurt\/#primaryimage\"},\"thumbnailUrl\":\"https:\/\/www.leitbetrieb.com\/at\/wp-content\/uploads\/sites\/4\/2021\/05\/2020-12-16_Armstark_TB.jpg\",\"keywords\":[\"Armstark\",\"Infrarot\",\"Klagenfurt\",\"Leitbetrieb\",\"Neuer\u00f6ffnung\",\"\u00d6sterreich\",\"Sauna\",\"Servicequalit\u00e4t\",\"Swim Spas\",\"Whirlpools\"],\"articleSection\":[\"News\"],\"inLanguage\":\"de\"},{\"@type\":\"WebPage\",\"@id\":\"https:\/\/www.leitbetrieb.com\/at\/leitbetrieb-armstark-feiert-eroeffnung-in-klagenfurt\/\",\"url\":\"https:\/\/www.leitbetrieb.com\/at\/leitbetrieb-armstark-feiert-eroeffnung-in-klagenfurt\/\",\"name\":\"Leitbetrieb Armstark feiert Er\u00f6ffnung in Klagenfurt, Whirlpools & Swim Spas\",\"isPartOf\":{\"@id\":\"https:\/\/www.leitbetrieb.com\/at\/#website\"},\"primaryImageOfPage\":{\"@id\":\"https:\/\/www.leitbetrieb.com\/at\/leitbetrieb-armstark-feiert-eroeffnung-in-klagenfurt\/#primaryimage\"},\"image\":{\"@id\":\"https:\/\/www.leitbetrieb.com\/at\/leitbetrieb-armstark-feiert-eroeffnung-in-klagenfurt\/#primaryimage\"},\"thumbnailUrl\":\"https:\/\/www.leitbetrieb.com\/at\/wp-content\/uploads\/sites\/4\/2021\/05\/2020-12-16_Armstark_TB.jpg\",\"datePublished\":\"2020-12-16T14:20:46+00:00\",\"dateModified\":\"2021-07-12T09:17:24+00:00\",\"author\":{\"@id\":\"https:\/\/www.leitbetrieb.com\/at\/#\/schema\/person\/164d90036db862489d0582d89949542f\"},\"description\":\"Leitbetrieb Armstark feiert Er\u00f6ffnung in Klagenfurt, Whirlpools, Swim Spas, Infrarot, Sauna vom Profi, Wellnessoase f\u00fcr zu Hause, \u00d6sterreich\",\"breadcrumb\":{\"@id\":\"https:\/\/www.leitbetrieb.com\/at\/leitbetrieb-armstark-feiert-eroeffnung-in-klagenfurt\/#breadcrumb\"},\"inLanguage\":\"de\",\"potentialAction\":[{\"@type\":\"ReadAction\",\"target\":[\"https:\/\/www.leitbetrieb.com\/at\/leitbetrieb-armstark-feiert-eroeffnung-in-klagenfurt\/\"]}]},{\"@type\":\"ImageObject\",\"inLanguage\":\"de\",\"@id\":\"https:\/\/www.leitbetrieb.com\/at\/leitbetrieb-armstark-feiert-eroeffnung-in-klagenfurt\/#primaryimage\",\"url\":\"https:\/\/www.leitbetrieb.com\/at\/wp-content\/uploads\/sites\/4\/2021\/05\/2020-12-16_Armstark_TB.jpg\",\"contentUrl\":\"https:\/\/www.leitbetrieb.com\/at\/wp-content\/uploads\/sites\/4\/2021\/05\/2020-12-16_Armstark_TB.jpg\",\"width\":850,\"height\":609},{\"@type\":\"BreadcrumbList\",\"@id\":\"https:\/\/www.leitbetrieb.com\/at\/leitbetrieb-armstark-feiert-eroeffnung-in-klagenfurt\/#breadcrumb\",\"itemListElement\":[{\"@type\":\"ListItem\",\"position\":1,\"name\":\"Startseite\",\"item\":\"https:\/\/www.leitbetrieb.com\/at\/\"},{\"@type\":\"ListItem\",\"position\":2,\"name\":\"Leitbetrieb Armstark feiert Er\u00f6ffnung in Klagenfurt\"}]},{\"@type\":\"WebSite\",\"@id\":\"https:\/\/www.leitbetrieb.com\/at\/#website\",\"url\":\"https:\/\/www.leitbetrieb.com\/at\/\",\"name\":\"Leitbetrieb AT\",\"description\":\"Leitbetrieb \u00d6sterreich - Leitbetrieb Deutschland\",\"potentialAction\":[{\"@type\":\"SearchAction\",\"target\":{\"@type\":\"EntryPoint\",\"urlTemplate\":\"https:\/\/www.leitbetrieb.com\/at\/?s={search_term_string}\"},\"query-input\":{\"@type\":\"PropertyValueSpecification\",\"valueRequired\":true,\"valueName\":\"search_term_string\"}}],\"inLanguage\":\"de\"},{\"@type\":\"Person\",\"@id\":\"https:\/\/www.leitbetrieb.com\/at\/#\/schema\/person\/164d90036db862489d0582d89949542f\",\"name\":\"p584314\"}]}<\/script>\n<!-- \/ Yoast SEO plugin. -->","yoast_head_json":{"title":"Leitbetrieb Armstark feiert Er\u00f6ffnung in Klagenfurt, Whirlpools & Swim Spas","description":"Leitbetrieb Armstark feiert Er\u00f6ffnung in Klagenfurt, Whirlpools, Swim Spas, Infrarot, Sauna vom Profi, Wellnessoase f\u00fcr zu Hause, \u00d6sterreich","robots":{"index":"index","follow":"follow","max-snippet":"max-snippet:-1","max-image-preview":"max-image-preview:large","max-video-preview":"max-video-preview:-1"},"canonical":"https:\/\/www.leitbetrieb.com\/at\/leitbetrieb-armstark-feiert-eroeffnung-in-klagenfurt\/","og_locale":"de_DE","og_type":"article","og_title":"Leitbetrieb Armstark feiert Er\u00f6ffnung in Klagenfurt, Whirlpools & Swim Spas","og_description":"Leitbetrieb Armstark feiert Er\u00f6ffnung in Klagenfurt, Whirlpools, Swim Spas, Infrarot, Sauna vom Profi, Wellnessoase f\u00fcr zu Hause, \u00d6sterreich","og_url":"https:\/\/www.leitbetrieb.com\/at\/leitbetrieb-armstark-feiert-eroeffnung-in-klagenfurt\/","og_site_name":"Leitbetrieb AT","article_published_time":"2020-12-16T14:20:46+00:00","article_modified_time":"2021-07-12T09:17:24+00:00","og_image":[{"width":850,"height":609,"url":"https:\/\/www.leitbetrieb.com\/at\/wp-content\/uploads\/sites\/4\/2021\/05\/2020-12-16_Armstark_TB.jpg","type":"image\/jpeg"}],"author":"p584314","twitter_card":"summary_large_image","twitter_misc":{"Verfasst von":"p584314","Gesch\u00e4tzte Lesezeit":"2\u00a0Minuten"},"schema":{"@context":"https:\/\/schema.org","@graph":[{"@type":"Article","@id":"https:\/\/www.leitbetrieb.com\/at\/leitbetrieb-armstark-feiert-eroeffnung-in-klagenfurt\/#article","isPartOf":{"@id":"https:\/\/www.leitbetrieb.com\/at\/leitbetrieb-armstark-feiert-eroeffnung-in-klagenfurt\/"},"author":{"name":"p584314","@id":"https:\/\/www.leitbetrieb.com\/at\/#\/schema\/person\/164d90036db862489d0582d89949542f"},"headline":"Leitbetrieb Armstark feiert Er\u00f6ffnung in Klagenfurt","datePublished":"2020-12-16T14:20:46+00:00","dateModified":"2021-07-12T09:17:24+00:00","mainEntityOfPage":{"@id":"https:\/\/www.leitbetrieb.com\/at\/leitbetrieb-armstark-feiert-eroeffnung-in-klagenfurt\/"},"wordCount":437,"image":{"@id":"https:\/\/www.leitbetrieb.com\/at\/leitbetrieb-armstark-feiert-eroeffnung-in-klagenfurt\/#primaryimage"},"thumbnailUrl":"https:\/\/www.leitbetrieb.com\/at\/wp-content\/uploads\/sites\/4\/2021\/05\/2020-12-16_Armstark_TB.jpg","keywords":["Armstark","Infrarot","Klagenfurt","Leitbetrieb","Neuer\u00f6ffnung","\u00d6sterreich","Sauna","Servicequalit\u00e4t","Swim Spas","Whirlpools"],"articleSection":["News"],"inLanguage":"de"},{"@type":"WebPage","@id":"https:\/\/www.leitbetrieb.com\/at\/leitbetrieb-armstark-feiert-eroeffnung-in-klagenfurt\/","url":"https:\/\/www.leitbetrieb.com\/at\/leitbetrieb-armstark-feiert-eroeffnung-in-klagenfurt\/","name":"Leitbetrieb Armstark feiert Er\u00f6ffnung in Klagenfurt, Whirlpools & Swim Spas","isPartOf":{"@id":"https:\/\/www.leitbetrieb.com\/at\/#website"},"primaryImageOfPage":{"@id":"https:\/\/www.leitbetrieb.com\/at\/leitbetrieb-armstark-feiert-eroeffnung-in-klagenfurt\/#primaryimage"},"image":{"@id":"https:\/\/www.leitbetrieb.com\/at\/leitbetrieb-armstark-feiert-eroeffnung-in-klagenfurt\/#primaryimage"},"thumbnailUrl":"https:\/\/www.leitbetrieb.com\/at\/wp-content\/uploads\/sites\/4\/2021\/05\/2020-12-16_Armstark_TB.jpg","datePublished":"2020-12-16T14:20:46+00:00","dateModified":"2021-07-12T09:17:24+00:00","author":{"@id":"https:\/\/www.leitbetrieb.com\/at\/#\/schema\/person\/164d90036db862489d0582d89949542f"},"description":"Leitbetrieb Armstark feiert Er\u00f6ffnung in Klagenfurt, Whirlpools, Swim Spas, Infrarot, Sauna vom Profi, Wellnessoase f\u00fcr zu Hause, \u00d6sterreich","breadcrumb":{"@id":"https:\/\/www.leitbetrieb.com\/at\/leitbetrieb-armstark-feiert-eroeffnung-in-klagenfurt\/#breadcrumb"},"inLanguage":"de","potentialAction":[{"@type":"ReadAction","target":["https:\/\/www.leitbetrieb.com\/at\/leitbetrieb-armstark-feiert-eroeffnung-in-klagenfurt\/"]}]},{"@type":"ImageObject","inLanguage":"de","@id":"https:\/\/www.leitbetrieb.com\/at\/leitbetrieb-armstark-feiert-eroeffnung-in-klagenfurt\/#primaryimage","url":"https:\/\/www.leitbetrieb.com\/at\/wp-content\/uploads\/sites\/4\/2021\/05\/2020-12-16_Armstark_TB.jpg","contentUrl":"https:\/\/www.leitbetrieb.com\/at\/wp-content\/uploads\/sites\/4\/2021\/05\/2020-12-16_Armstark_TB.jpg","width":850,"height":609},{"@type":"BreadcrumbList","@id":"https:\/\/www.leitbetrieb.com\/at\/leitbetrieb-armstark-feiert-eroeffnung-in-klagenfurt\/#breadcrumb","itemListElement":[{"@type":"ListItem","position":1,"name":"Startseite","item":"https:\/\/www.leitbetrieb.com\/at\/"},{"@type":"ListItem","position":2,"name":"Leitbetrieb Armstark feiert Er\u00f6ffnung in Klagenfurt"}]},{"@type":"WebSite","@id":"https:\/\/www.leitbetrieb.com\/at\/#website","url":"https:\/\/www.leitbetrieb.com\/at\/","name":"Leitbetrieb AT","description":"Leitbetrieb \u00d6sterreich - Leitbetrieb Deutschland","potentialAction":[{"@type":"SearchAction","target":{"@type":"EntryPoint","urlTemplate":"https:\/\/www.leitbetrieb.com\/at\/?s={search_term_string}"},"query-input":{"@type":"PropertyValueSpecification","valueRequired":true,"valueName":"search_term_string"}}],"inLanguage":"de"},{"@type":"Person","@id":"https:\/\/www.leitbetrieb.com\/at\/#\/schema\/person\/164d90036db862489d0582d89949542f","name":"p584314"}]}},"_links":{"self":[{"href":"https:\/\/www.leitbetrieb.com\/at\/wp-json\/wp\/v2\/posts\/11938","targetHints":{"allow":["GET"]}}],"collection":[{"href":"https:\/\/www.leitbetrieb.com\/at\/wp-json\/wp\/v2\/posts"}],"about":[{"href":"https:\/\/www.leitbetrieb.com\/at\/wp-json\/wp\/v2\/types\/post"}],"author":[{"embeddable":true,"href":"https:\/\/www.leitbetrieb.com\/at\/wp-json\/wp\/v2\/users\/1"}],"replies":[{"embeddable":true,"href":"https:\/\/www.leitbetrieb.com\/at\/wp-json\/wp\/v2\/comments?post=11938"}],"version-history":[{"count":7,"href":"https:\/\/www.leitbetrieb.com\/at\/wp-json\/wp\/v2\/posts\/11938\/revisions"}],"predecessor-version":[{"id":12732,"href":"https:\/\/www.leitbetrieb.com\/at\/wp-json\/wp\/v2\/posts\/11938\/revisions\/12732"}],"wp:featuredmedia":[{"embeddable":true,"href":"https:\/\/www.leitbetrieb.com\/at\/wp-json\/wp\/v2\/media\/4022"}],"wp:attachment":[{"href":"https:\/\/www.leitbetrieb.com\/at\/wp-json\/wp\/v2\/media?parent=11938"}],"wp:term":[{"taxonomy":"category","embeddable":true,"href":"https:\/\/www.leitbetrieb.com\/at\/wp-json\/wp\/v2\/categories?post=11938"},{"taxonomy":"post_tag","embeddable":true,"href":"https:\/\/www.leitbetrieb.com\/at\/wp-json\/wp\/v2\/tags?post=11938"}],"curies":[{"name":"wp","href":"https:\/\/api.w.org\/{rel}","templated":true}]}}