{"id":21793,"date":"2023-06-30T08:48:20","date_gmt":"2023-06-30T06:48:20","guid":{"rendered":"https:\/\/www.leitbetrieb.com\/at\/sauber-co-gutleben-gmbh-25jaehriges-firmenjubilaeum\/"},"modified":"2023-06-30T08:53:06","modified_gmt":"2023-06-30T06:53:06","slug":"sauber-co-gutleben-gmbh-25jaehriges-firmenjubilaeum","status":"publish","type":"post","link":"https:\/\/www.leitbetrieb.com\/at\/sauber-co-gutleben-gmbh-25jaehriges-firmenjubilaeum\/","title":{"rendered":"sauber &#038; co Gutleben GmbH | 25j\u00e4hriges Firmenjubil\u00e4um"},"content":{"rendered":"\t\t<div data-elementor-type=\"wp-post\" data-elementor-id=\"21793\" class=\"elementor elementor-21793\" data-elementor-post-type=\"post\">\n\t\t\t\t\t\t<section class=\"elementor-section elementor-top-section elementor-element elementor-element-46828bf7 elementor-section-boxed elementor-section-height-default elementor-section-height-default\" data-id=\"46828bf7\" data-element_type=\"section\">\n\t\t\t\t\t\t<div class=\"elementor-container elementor-column-gap-default\">\n\t\t\t\t\t<div class=\"elementor-column elementor-col-100 elementor-top-column elementor-element elementor-element-6b319176\" data-id=\"6b319176\" data-element_type=\"column\">\n\t\t\t<div class=\"elementor-widget-wrap elementor-element-populated\">\n\t\t\t\t\t\t<div class=\"elementor-element elementor-element-5c993002 elementor-widget elementor-widget-text-editor\" data-id=\"5c993002\" data-element_type=\"widget\" data-widget_type=\"text-editor.default\">\n\t\t\t\t<div class=\"elementor-widget-container\">\n\t\t\t\t\t\t\t\t\t<p>LEITBETRIEB sauber &amp; co Gutleben GmbH feiert 25j\u00e4hriges Firmenjubil\u00e4um<\/p>\t\t\t\t\t\t\t\t<\/div>\n\t\t\t\t<\/div>\n\t\t\t\t<section class=\"elementor-section elementor-inner-section elementor-element elementor-element-79c63d4d elementor-section-boxed elementor-section-height-default elementor-section-height-default\" data-id=\"79c63d4d\" data-element_type=\"section\">\n\t\t\t\t\t\t<div class=\"elementor-container elementor-column-gap-default\">\n\t\t\t\t\t<div class=\"elementor-column elementor-col-100 elementor-inner-column elementor-element elementor-element-313c2a5f\" data-id=\"313c2a5f\" data-element_type=\"column\">\n\t\t\t<div class=\"elementor-widget-wrap elementor-element-populated\">\n\t\t\t\t\t\t<div class=\"elementor-element elementor-element-5bc9d86a elementor-widget elementor-widget-text-editor\" data-id=\"5bc9d86a\" data-element_type=\"widget\" data-widget_type=\"text-editor.default\">\n\t\t\t\t<div class=\"elementor-widget-container\">\n\t\t\t\t\t\t\t\t\t<p><strong><span style=\"text-decoration: underline;\">Mit Herz, Humor und Heiterkeit:<\/span> Jasmina Gutleben feiert mit \u00fcber 200 G\u00e4sten ein Jubil\u00e4umsfest zum 25-j\u00e4hrigen Bestehen von sauber &amp; co, mit strahlenden R\u00fcckblicken und gl\u00e4nzenden Aussichten!<\/strong><\/p><p>Der Regen kurz vor Beginn der Feier schien wie bestellt: Denn p\u00fcnktlich zum Auftakt um 17:07 Uhr war das ganze Festgel\u00e4nde frisch gewaschen und gesp\u00fclt, eben \u201esauber &amp; co\u201c, &#8211; was sonst!<\/p><p>Jasmina Gutleben und ihr Mann Andreas haben (p\u00fcnktlich ab 16:06 Uhr) pers\u00f6nlich alle G\u00e4ste begr\u00fc\u00dft und waren kurze Zeit sp\u00e4ter auch schon im Mittelpunkt der \u201eunterhaltsamen\u201c und sehr pers\u00f6nlichen Segnung durch Pfarrer Krystian Puszka. Das Eheversprechen \u2013 ja auch geheiratet wurde vor 25 Jahren \u2013 ist ebenfalls erneuert worden.<\/p><p>Rund 200 G\u00e4ste wurden im Anschluss humorvoll durchs Programm gef\u00fchrt. Oliver Zeisberger lud zu \u201eTalk &amp; Torten\u201c. Wegbegleiter und Wegbereiter waren mit Geschichten und Anekdoten auf der B\u00fchne, und haben mit 8 Riesentorten auch schon einen Ausblick aufs Nachspeisenbuffet mitgebracht.<\/p><p>Unter den G\u00e4sten waren neben Kages Direktor Thomas Hofer und NRAbg Ernst G\u00f6dl zahlreiche Unternehmerinnen und Unternehmer, die von Jasmina Gutleben und ihrem Team seit Jahren perfekt betreut werden. Aber auch Familie und Freunde durften mit Ihren Geschichten auf der B\u00fchne nicht fehlen!<\/p><p>Die Wirtschaftskammer gratulierte zu 25 Jahren Unternehmertum mit Urkunde und Geschenk, als Gratulanten waren Regionalstellenleiter Josef Majcan, Klaus Friedl und Innungsgesch\u00e4ftsf\u00fchrerin Barbara Bammer auf der B\u00fchne.<\/p><p>Es wurde jedenfalls viel gelacht, gegessen und gefeiert. Und die unterhaltsamen Geschichten auf der B\u00fchne waren ein Beweis daf\u00fcr, dass die gesammelte Lebenserfahrung der Powerfrau Jasmina Gutleben immer weiterhilft. Ob man an langen Warteschlangen vorbeimuss, mit dem Satz \u201e\u2026Gutleben, ich habe vorbestellt\u2026\u201c geht das. Oder wussten Sie, warum ein Stripper beim Fensterreinigen hilfreich ist, und dass auch die sch\u00f6nsten Oberfl\u00e4chen \u201ekaputtgereinigt\u201c werden k\u00f6nnen wenn man sich nicht den Profi holt?<\/p><p>Jedenfalls war der Abend auch musikalisch und kulinarisch einzigartig. Daf\u00fcr sorgten Naomi Burke mit Band und die bunte Kulinarik, vom Spanferkel bis zu italienischen K\u00f6stlichkeiten. Am Ende freut man sich nach den ersten 25 Jahren sauber &amp; co auf alles, was noch kommt und definitiv auf gl\u00e4nzende Aussichten!<\/p><p><strong>Die ServiceInitiative Leitbetrieb gratuliert recht herzlich zum Firmenjubil\u00e4um!<\/strong><\/p>\t\t\t\t\t\t\t\t<\/div>\n\t\t\t\t<\/div>\n\t\t\t\t\t<\/div>\n\t\t<\/div>\n\t\t\t\t\t<\/div>\n\t\t<\/section>\n\t\t\t\t<section class=\"elementor-section elementor-inner-section elementor-element elementor-element-1c9a6e4e elementor-section-boxed elementor-section-height-default elementor-section-height-default\" data-id=\"1c9a6e4e\" data-element_type=\"section\">\n\t\t\t\t\t\t<div class=\"elementor-container elementor-column-gap-default\">\n\t\t\t\t\t<div class=\"elementor-column elementor-col-100 elementor-inner-column elementor-element elementor-element-6287aa13\" data-id=\"6287aa13\" data-element_type=\"column\">\n\t\t\t<div class=\"elementor-widget-wrap elementor-element-populated\">\n\t\t\t\t\t\t<div class=\"elementor-element elementor-element-3e2f8e4f elementor-widget elementor-widget-gallery\" data-id=\"3e2f8e4f\" data-element_type=\"widget\" data-settings=\"{&quot;columns&quot;:5,&quot;lazyload&quot;:&quot;yes&quot;,&quot;gallery_layout&quot;:&quot;grid&quot;,&quot;columns_tablet&quot;:2,&quot;columns_mobile&quot;:1,&quot;gap&quot;:{&quot;unit&quot;:&quot;px&quot;,&quot;size&quot;:10,&quot;sizes&quot;:[]},&quot;gap_tablet&quot;:{&quot;unit&quot;:&quot;px&quot;,&quot;size&quot;:10,&quot;sizes&quot;:[]},&quot;gap_mobile&quot;:{&quot;unit&quot;:&quot;px&quot;,&quot;size&quot;:10,&quot;sizes&quot;:[]},&quot;link_to&quot;:&quot;file&quot;,&quot;aspect_ratio&quot;:&quot;3:2&quot;,&quot;overlay_background&quot;:&quot;yes&quot;,&quot;content_hover_animation&quot;:&quot;fade-in&quot;}\" data-widget_type=\"gallery.default\">\n\t\t\t\t<div class=\"elementor-widget-container\">\n\t\t\t\t\t\t\t<div class=\"elementor-gallery__container\">\n\t\t\t\t\t\t\t<a class=\"e-gallery-item elementor-gallery-item elementor-animated-content\" href=\"https:\/\/www.leitbetrieb.com\/at\/wp-content\/uploads\/sites\/4\/2023-06-30_sauber-co_TB.jpg\" data-elementor-open-lightbox=\"yes\" data-elementor-lightbox-slideshow=\"3e2f8e4f\" data-elementor-lightbox-title=\"sauber &amp; co Gutleben GmbH - 25j\u00e4hriges Firmenjubil\u00e4um\" data-elementor-lightbox-description=\"Bildquelle: Foto Mario Gimpel\" data-e-action-hash=\"#elementor-action%3Aaction%3Dlightbox%26settings%3DeyJpZCI6MjE3OTUsInVybCI6Imh0dHBzOlwvXC93d3cubGVpdGJldHJpZWIuY29tXC9hdFwvd3AtY29udGVudFwvdXBsb2Fkc1wvc2l0ZXNcLzRcLzIwMjMtMDYtMzBfc2F1YmVyLWNvX1RCLmpwZyIsInNsaWRlc2hvdyI6IjNlMmY4ZTRmIn0%3D\">\n\t\t\t\t\t<div class=\"e-gallery-image elementor-gallery-item__image\" data-thumbnail=\"https:\/\/www.leitbetrieb.com\/at\/wp-content\/uploads\/sites\/4\/2023-06-30_sauber-co_TB.jpg\" data-width=\"850\" data-height=\"609\" aria-label=\"\" role=\"img\" ><\/div>\n\t\t\t\t\t\t\t\t\t\t\t<div class=\"elementor-gallery-item__overlay\"><\/div>\n\t\t\t\t\t\t\t\t\t\t\t\t\t\t<\/a>\n\t\t\t\t\t\t\t<a class=\"e-gallery-item elementor-gallery-item elementor-animated-content\" href=\"https:\/\/www.leitbetrieb.com\/at\/wp-content\/uploads\/sites\/4\/2023-06-30_sauber-co_1.jpg\" data-elementor-open-lightbox=\"yes\" data-elementor-lightbox-slideshow=\"3e2f8e4f\" data-elementor-lightbox-title=\"sauber &amp; co Gutleben GmbH - Jasmina Gutleben Gesch\u00e4ftsf\u00fchrende Gesellschafterin \u201esauber &amp; co Gutleben GmbH\u201c und Andreas Gutleben Inhaber \u201egutLEBEN ist f\u00fcr jeden m\u00f6glich!\u201c\" data-elementor-lightbox-description=\"Bildquelle: Foto Mario Gimpel\" data-e-action-hash=\"#elementor-action%3Aaction%3Dlightbox%26settings%3DeyJpZCI6MjE3OTcsInVybCI6Imh0dHBzOlwvXC93d3cubGVpdGJldHJpZWIuY29tXC9hdFwvd3AtY29udGVudFwvdXBsb2Fkc1wvc2l0ZXNcLzRcLzIwMjMtMDYtMzBfc2F1YmVyLWNvXzEuanBnIiwic2xpZGVzaG93IjoiM2UyZjhlNGYifQ%3D%3D\">\n\t\t\t\t\t<div class=\"e-gallery-image elementor-gallery-item__image\" data-thumbnail=\"https:\/\/www.leitbetrieb.com\/at\/wp-content\/uploads\/sites\/4\/2023-06-30_sauber-co_1.jpg\" data-width=\"850\" data-height=\"609\" aria-label=\"\" role=\"img\" ><\/div>\n\t\t\t\t\t\t\t\t\t\t\t<div class=\"elementor-gallery-item__overlay\"><\/div>\n\t\t\t\t\t\t\t\t\t\t\t\t\t\t<\/a>\n\t\t\t\t\t\t\t<a class=\"e-gallery-item elementor-gallery-item elementor-animated-content\" href=\"https:\/\/www.leitbetrieb.com\/at\/wp-content\/uploads\/sites\/4\/2023-06-30_sauber-co_2.jpg\" data-elementor-open-lightbox=\"yes\" data-elementor-lightbox-slideshow=\"3e2f8e4f\" data-elementor-lightbox-title=\"sauber &amp; co Gutleben GmbH - Oliver Zeisberger, WKO Klaus Friedl, Jasmina Gutleben, WKO Innungsgesch\u00e4ftsf\u00fchrerin Barbara Bammer, WKO Regionalstellenobmann Mag. Josef Majcan\" data-elementor-lightbox-description=\"Bildquelle: Foto Mario Gimpel\" data-e-action-hash=\"#elementor-action%3Aaction%3Dlightbox%26settings%3DeyJpZCI6MjE3OTgsInVybCI6Imh0dHBzOlwvXC93d3cubGVpdGJldHJpZWIuY29tXC9hdFwvd3AtY29udGVudFwvdXBsb2Fkc1wvc2l0ZXNcLzRcLzIwMjMtMDYtMzBfc2F1YmVyLWNvXzIuanBnIiwic2xpZGVzaG93IjoiM2UyZjhlNGYifQ%3D%3D\">\n\t\t\t\t\t<div class=\"e-gallery-image elementor-gallery-item__image\" data-thumbnail=\"https:\/\/www.leitbetrieb.com\/at\/wp-content\/uploads\/sites\/4\/2023-06-30_sauber-co_2.jpg\" data-width=\"850\" data-height=\"609\" aria-label=\"\" role=\"img\" ><\/div>\n\t\t\t\t\t\t\t\t\t\t\t<div class=\"elementor-gallery-item__overlay\"><\/div>\n\t\t\t\t\t\t\t\t\t\t\t\t\t\t<\/a>\n\t\t\t\t\t\t\t<a class=\"e-gallery-item elementor-gallery-item elementor-animated-content\" href=\"https:\/\/www.leitbetrieb.com\/at\/wp-content\/uploads\/sites\/4\/2023-06-30_sauber-co_3.jpg\" data-elementor-open-lightbox=\"yes\" data-elementor-lightbox-slideshow=\"3e2f8e4f\" data-elementor-lightbox-title=\"sauber &amp; co Gutleben GmbH - Weltklasse-Team \u201esauber &amp; co\u201c\" data-elementor-lightbox-description=\"Bildquelle: Foto Mario Gimpel\" data-e-action-hash=\"#elementor-action%3Aaction%3Dlightbox%26settings%3DeyJpZCI6MjE3OTksInVybCI6Imh0dHBzOlwvXC93d3cubGVpdGJldHJpZWIuY29tXC9hdFwvd3AtY29udGVudFwvdXBsb2Fkc1wvc2l0ZXNcLzRcLzIwMjMtMDYtMzBfc2F1YmVyLWNvXzMuanBnIiwic2xpZGVzaG93IjoiM2UyZjhlNGYifQ%3D%3D\">\n\t\t\t\t\t<div class=\"e-gallery-image elementor-gallery-item__image\" data-thumbnail=\"https:\/\/www.leitbetrieb.com\/at\/wp-content\/uploads\/sites\/4\/2023-06-30_sauber-co_3.jpg\" data-width=\"850\" data-height=\"609\" aria-label=\"\" role=\"img\" ><\/div>\n\t\t\t\t\t\t\t\t\t\t\t<div class=\"elementor-gallery-item__overlay\"><\/div>\n\t\t\t\t\t\t\t\t\t\t\t\t\t\t<\/a>\n\t\t\t\t\t\t\t<a class=\"e-gallery-item elementor-gallery-item elementor-animated-content\" href=\"https:\/\/www.leitbetrieb.com\/at\/wp-content\/uploads\/sites\/4\/2023-06-30_sauber-co_4.jpg\" data-elementor-open-lightbox=\"yes\" data-elementor-lightbox-slideshow=\"3e2f8e4f\" data-elementor-lightbox-title=\"sauber &amp; co Gutleben GmbH - Familie: Vanessa Hubmann und Lukas Julian Gutleben, Sandra H\u00f6fler und Marvin Gutleben, Jasmina und Andreas Gutleben\" data-elementor-lightbox-description=\"Bildquelle: Foto Mario Gimpel\" data-e-action-hash=\"#elementor-action%3Aaction%3Dlightbox%26settings%3DeyJpZCI6MjE4MDAsInVybCI6Imh0dHBzOlwvXC93d3cubGVpdGJldHJpZWIuY29tXC9hdFwvd3AtY29udGVudFwvdXBsb2Fkc1wvc2l0ZXNcLzRcLzIwMjMtMDYtMzBfc2F1YmVyLWNvXzQuanBnIiwic2xpZGVzaG93IjoiM2UyZjhlNGYifQ%3D%3D\">\n\t\t\t\t\t<div class=\"e-gallery-image elementor-gallery-item__image\" data-thumbnail=\"https:\/\/www.leitbetrieb.com\/at\/wp-content\/uploads\/sites\/4\/2023-06-30_sauber-co_4.jpg\" data-width=\"850\" data-height=\"609\" aria-label=\"\" role=\"img\" ><\/div>\n\t\t\t\t\t\t\t\t\t\t\t<div class=\"elementor-gallery-item__overlay\"><\/div>\n\t\t\t\t\t\t\t\t\t\t\t\t\t\t<\/a>\n\t\t\t\t\t<\/div>\n\t\t\t\t\t<\/div>\n\t\t\t\t<\/div>\n\t\t\t\t\t<\/div>\n\t\t<\/div>\n\t\t\t\t\t<\/div>\n\t\t<\/section>\n\t\t\t\t<section class=\"elementor-section elementor-inner-section elementor-element elementor-element-7e4117b4 elementor-section-boxed elementor-section-height-default elementor-section-height-default\" data-id=\"7e4117b4\" data-element_type=\"section\" data-settings=\"{&quot;background_background&quot;:&quot;classic&quot;}\">\n\t\t\t\t\t\t<div class=\"elementor-container elementor-column-gap-default\">\n\t\t\t\t\t<div class=\"elementor-column elementor-col-100 elementor-inner-column elementor-element elementor-element-7303265b\" data-id=\"7303265b\" data-element_type=\"column\">\n\t\t\t<div class=\"elementor-widget-wrap elementor-element-populated\">\n\t\t\t\t\t\t<div class=\"elementor-element elementor-element-ad89b14 elementor-align-center elementor-widget elementor-widget-button\" data-id=\"ad89b14\" data-element_type=\"widget\" data-widget_type=\"button.default\">\n\t\t\t\t<div class=\"elementor-widget-container\">\n\t\t\t\t\t\t\t\t\t<div class=\"elementor-button-wrapper\">\n\t\t\t\t\t<a class=\"elementor-button elementor-button-link elementor-size-sm elementor-animation-shrink\" href=\"https:\/\/www.leitbetrieb.com\/at\/leitbetrieb\/sauber-co-313\/\">\n\t\t\t\t\t\t<span class=\"elementor-button-content-wrapper\">\n\t\t\t\t\t\t\t\t\t<span class=\"elementor-button-text\">zum Firmenprofil<\/span>\n\t\t\t\t\t<\/span>\n\t\t\t\t\t<\/a>\n\t\t\t\t<\/div>\n\t\t\t\t\t\t\t\t<\/div>\n\t\t\t\t<\/div>\n\t\t\t\t\t<\/div>\n\t\t<\/div>\n\t\t\t\t\t<\/div>\n\t\t<\/section>\n\t\t\t\t\t<\/div>\n\t\t<\/div>\n\t\t\t\t\t<\/div>\n\t\t<\/section>\n\t\t\t\t<\/div>\n\t\t","protected":false},"excerpt":{"rendered":"<p>sauber &#038; co Gutleben GmbH | Mit Herz, Humor und Heiterkeit feiert Jasmina Gutleben, mit \u00fcber 200 G\u00e4sten ein Jubil\u00e4umsfest zum 25-j\u00e4hrigen Bestehen von sauber &#038; co, mit strahlenden R\u00fcckblicken und gl\u00e4nzenden Aussichten! Unter den Gratulanten war auch die Wirtschaftskammer mit einer Urkunde und Geschenken vertreten. Lesen Sie hier weiter!<\/p>\n","protected":false},"author":1,"featured_media":21795,"comment_status":"closed","ping_status":"closed","sticky":false,"template":"","format":"standard","meta":{"site-sidebar-layout":"default","site-content-layout":"default","ast-site-content-layout":"default","site-content-style":"default","site-sidebar-style":"default","ast-global-header-display":"","ast-banner-title-visibility":"","ast-main-header-display":"","ast-hfb-above-header-display":"","ast-hfb-below-header-display":"","ast-hfb-mobile-header-display":"","site-post-title":"","ast-breadcrumbs-content":"","ast-featured-img":"","footer-sml-layout":"","ast-disable-related-posts":"","theme-transparent-header-meta":"default","adv-header-id-meta":"","stick-header-meta":"","header-above-stick-meta":"","header-main-stick-meta":"","header-below-stick-meta":"","astra-migrate-meta-layouts":"default","ast-page-background-enabled":"default","ast-page-background-meta":{"desktop":{"background-color":"var(--ast-global-color-4)","background-image":"","background-repeat":"repeat","background-position":"center center","background-size":"auto","background-attachment":"scroll","background-type":"","background-media":"","overlay-type":"","overlay-color":"","overlay-opacity":"","overlay-gradient":""},"tablet":{"background-color":"","background-image":"","background-repeat":"repeat","background-position":"center center","background-size":"auto","background-attachment":"scroll","background-type":"","background-media":"","overlay-type":"","overlay-color":"","overlay-opacity":"","overlay-gradient":""},"mobile":{"background-color":"","background-image":"","background-repeat":"repeat","background-position":"center center","background-size":"auto","background-attachment":"scroll","background-type":"","background-media":"","overlay-type":"","overlay-color":"","overlay-opacity":"","overlay-gradient":""}},"ast-content-background-meta":{"desktop":{"background-color":"var(--ast-global-color-5)","background-image":"","background-repeat":"repeat","background-position":"center center","background-size":"auto","background-attachment":"scroll","background-type":"","background-media":"","overlay-type":"","overlay-color":"","overlay-opacity":"","overlay-gradient":""},"tablet":{"background-color":"var(--ast-global-color-5)","background-image":"","background-repeat":"repeat","background-position":"center center","background-size":"auto","background-attachment":"scroll","background-type":"","background-media":"","overlay-type":"","overlay-color":"","overlay-opacity":"","overlay-gradient":""},"mobile":{"background-color":"var(--ast-global-color-5)","background-image":"","background-repeat":"repeat","background-position":"center center","background-size":"auto","background-attachment":"scroll","background-type":"","background-media":"","overlay-type":"","overlay-color":"","overlay-opacity":"","overlay-gradient":""}},"footnotes":"","_links_to":"","_links_to_target":""},"categories":[7],"tags":[1202,1048,1203,1204,1205,676],"class_list":["post-21793","post","type-post","status-publish","format-standard","has-post-thumbnail","hentry","category-news","tag-25-jahre","tag-firmenjubilaeum","tag-jasmina-gutleben","tag-sauber-co","tag-seiersdorf","tag-steiermark"],"yoast_head":"<!-- This site is optimized with the Yoast SEO plugin v26.7 - https:\/\/yoast.com\/wordpress\/plugins\/seo\/ -->\n<title>sauber &amp; co Gutleben GmbH | 25j\u00e4hriges Firmenjubil\u00e4um, Seiersberg Pirka<\/title>\n<meta name=\"description\" content=\"sauber &amp; co Gutleben GmbH | 25j\u00e4hriges Firmenjubil\u00e4um, Seiersberg Pirka, Stmk, Jasmina Gutleben, R\u00fcckblick, Bestehen, Wirtschaftskammer\" \/>\n<meta name=\"robots\" content=\"index, follow, max-snippet:-1, max-image-preview:large, max-video-preview:-1\" \/>\n<link rel=\"canonical\" href=\"https:\/\/www.leitbetrieb.com\/at\/sauber-co-gutleben-gmbh-25jaehriges-firmenjubilaeum\/\" \/>\n<meta property=\"og:locale\" content=\"de_DE\" \/>\n<meta property=\"og:type\" content=\"article\" \/>\n<meta property=\"og:title\" content=\"sauber &amp; co Gutleben GmbH | 25j\u00e4hriges Firmenjubil\u00e4um, Seiersberg Pirka\" \/>\n<meta property=\"og:description\" content=\"sauber &amp; co Gutleben GmbH | 25j\u00e4hriges Firmenjubil\u00e4um, Seiersberg Pirka, Stmk, Jasmina Gutleben, R\u00fcckblick, Bestehen, Wirtschaftskammer\" \/>\n<meta property=\"og:url\" content=\"https:\/\/www.leitbetrieb.com\/at\/sauber-co-gutleben-gmbh-25jaehriges-firmenjubilaeum\/\" \/>\n<meta property=\"og:site_name\" content=\"Leitbetrieb AT\" \/>\n<meta property=\"article:published_time\" content=\"2023-06-30T06:48:20+00:00\" \/>\n<meta property=\"article:modified_time\" content=\"2023-06-30T06:53:06+00:00\" \/>\n<meta property=\"og:image\" content=\"https:\/\/www.leitbetrieb.com\/at\/wp-content\/uploads\/sites\/4\/2023-06-30_sauber-co_TB.jpg\" \/>\n\t<meta property=\"og:image:width\" content=\"850\" \/>\n\t<meta property=\"og:image:height\" content=\"609\" \/>\n\t<meta property=\"og:image:type\" content=\"image\/jpeg\" \/>\n<meta name=\"author\" content=\"p584314\" \/>\n<meta name=\"twitter:card\" content=\"summary_large_image\" \/>\n<meta name=\"twitter:label1\" content=\"Verfasst von\" \/>\n\t<meta name=\"twitter:data1\" content=\"p584314\" \/>\n\t<meta name=\"twitter:label2\" content=\"Gesch\u00e4tzte Lesezeit\" \/>\n\t<meta name=\"twitter:data2\" content=\"2\u00a0Minuten\" \/>\n<script type=\"application\/ld+json\" class=\"yoast-schema-graph\">{\"@context\":\"https:\/\/schema.org\",\"@graph\":[{\"@type\":\"Article\",\"@id\":\"https:\/\/www.leitbetrieb.com\/at\/sauber-co-gutleben-gmbh-25jaehriges-firmenjubilaeum\/#article\",\"isPartOf\":{\"@id\":\"https:\/\/www.leitbetrieb.com\/at\/sauber-co-gutleben-gmbh-25jaehriges-firmenjubilaeum\/\"},\"author\":{\"name\":\"p584314\",\"@id\":\"https:\/\/www.leitbetrieb.com\/at\/#\/schema\/person\/164d90036db862489d0582d89949542f\"},\"headline\":\"sauber &#038; co Gutleben GmbH | 25j\u00e4hriges Firmenjubil\u00e4um\",\"datePublished\":\"2023-06-30T06:48:20+00:00\",\"dateModified\":\"2023-06-30T06:53:06+00:00\",\"mainEntityOfPage\":{\"@id\":\"https:\/\/www.leitbetrieb.com\/at\/sauber-co-gutleben-gmbh-25jaehriges-firmenjubilaeum\/\"},\"wordCount\":386,\"image\":{\"@id\":\"https:\/\/www.leitbetrieb.com\/at\/sauber-co-gutleben-gmbh-25jaehriges-firmenjubilaeum\/#primaryimage\"},\"thumbnailUrl\":\"https:\/\/www.leitbetrieb.com\/at\/wp-content\/uploads\/sites\/4\/2023-06-30_sauber-co_TB.jpg\",\"keywords\":[\"25 Jahre\",\"Firmenjubil\u00e4um\",\"Jasmina Gutleben\",\"sauber &amp; co\",\"Seiersdorf\",\"Steiermark\"],\"articleSection\":[\"News\"],\"inLanguage\":\"de\"},{\"@type\":\"WebPage\",\"@id\":\"https:\/\/www.leitbetrieb.com\/at\/sauber-co-gutleben-gmbh-25jaehriges-firmenjubilaeum\/\",\"url\":\"https:\/\/www.leitbetrieb.com\/at\/sauber-co-gutleben-gmbh-25jaehriges-firmenjubilaeum\/\",\"name\":\"sauber & co Gutleben GmbH | 25j\u00e4hriges Firmenjubil\u00e4um, Seiersberg Pirka\",\"isPartOf\":{\"@id\":\"https:\/\/www.leitbetrieb.com\/at\/#website\"},\"primaryImageOfPage\":{\"@id\":\"https:\/\/www.leitbetrieb.com\/at\/sauber-co-gutleben-gmbh-25jaehriges-firmenjubilaeum\/#primaryimage\"},\"image\":{\"@id\":\"https:\/\/www.leitbetrieb.com\/at\/sauber-co-gutleben-gmbh-25jaehriges-firmenjubilaeum\/#primaryimage\"},\"thumbnailUrl\":\"https:\/\/www.leitbetrieb.com\/at\/wp-content\/uploads\/sites\/4\/2023-06-30_sauber-co_TB.jpg\",\"datePublished\":\"2023-06-30T06:48:20+00:00\",\"dateModified\":\"2023-06-30T06:53:06+00:00\",\"author\":{\"@id\":\"https:\/\/www.leitbetrieb.com\/at\/#\/schema\/person\/164d90036db862489d0582d89949542f\"},\"description\":\"sauber & co Gutleben GmbH | 25j\u00e4hriges Firmenjubil\u00e4um, Seiersberg Pirka, Stmk, Jasmina Gutleben, R\u00fcckblick, Bestehen, Wirtschaftskammer\",\"breadcrumb\":{\"@id\":\"https:\/\/www.leitbetrieb.com\/at\/sauber-co-gutleben-gmbh-25jaehriges-firmenjubilaeum\/#breadcrumb\"},\"inLanguage\":\"de\",\"potentialAction\":[{\"@type\":\"ReadAction\",\"target\":[\"https:\/\/www.leitbetrieb.com\/at\/sauber-co-gutleben-gmbh-25jaehriges-firmenjubilaeum\/\"]}]},{\"@type\":\"ImageObject\",\"inLanguage\":\"de\",\"@id\":\"https:\/\/www.leitbetrieb.com\/at\/sauber-co-gutleben-gmbh-25jaehriges-firmenjubilaeum\/#primaryimage\",\"url\":\"https:\/\/www.leitbetrieb.com\/at\/wp-content\/uploads\/sites\/4\/2023-06-30_sauber-co_TB.jpg\",\"contentUrl\":\"https:\/\/www.leitbetrieb.com\/at\/wp-content\/uploads\/sites\/4\/2023-06-30_sauber-co_TB.jpg\",\"width\":850,\"height\":609},{\"@type\":\"BreadcrumbList\",\"@id\":\"https:\/\/www.leitbetrieb.com\/at\/sauber-co-gutleben-gmbh-25jaehriges-firmenjubilaeum\/#breadcrumb\",\"itemListElement\":[{\"@type\":\"ListItem\",\"position\":1,\"name\":\"Startseite\",\"item\":\"https:\/\/www.leitbetrieb.com\/at\/\"},{\"@type\":\"ListItem\",\"position\":2,\"name\":\"sauber &#038; co Gutleben GmbH | 25j\u00e4hriges Firmenjubil\u00e4um\"}]},{\"@type\":\"WebSite\",\"@id\":\"https:\/\/www.leitbetrieb.com\/at\/#website\",\"url\":\"https:\/\/www.leitbetrieb.com\/at\/\",\"name\":\"Leitbetrieb AT\",\"description\":\"Leitbetrieb \u00d6sterreich - Leitbetrieb Deutschland\",\"potentialAction\":[{\"@type\":\"SearchAction\",\"target\":{\"@type\":\"EntryPoint\",\"urlTemplate\":\"https:\/\/www.leitbetrieb.com\/at\/?s={search_term_string}\"},\"query-input\":{\"@type\":\"PropertyValueSpecification\",\"valueRequired\":true,\"valueName\":\"search_term_string\"}}],\"inLanguage\":\"de\"},{\"@type\":\"Person\",\"@id\":\"https:\/\/www.leitbetrieb.com\/at\/#\/schema\/person\/164d90036db862489d0582d89949542f\",\"name\":\"p584314\"}]}<\/script>\n<!-- \/ Yoast SEO plugin. -->","yoast_head_json":{"title":"sauber & co Gutleben GmbH | 25j\u00e4hriges Firmenjubil\u00e4um, Seiersberg Pirka","description":"sauber & co Gutleben GmbH | 25j\u00e4hriges Firmenjubil\u00e4um, Seiersberg Pirka, Stmk, Jasmina Gutleben, R\u00fcckblick, Bestehen, Wirtschaftskammer","robots":{"index":"index","follow":"follow","max-snippet":"max-snippet:-1","max-image-preview":"max-image-preview:large","max-video-preview":"max-video-preview:-1"},"canonical":"https:\/\/www.leitbetrieb.com\/at\/sauber-co-gutleben-gmbh-25jaehriges-firmenjubilaeum\/","og_locale":"de_DE","og_type":"article","og_title":"sauber & co Gutleben GmbH | 25j\u00e4hriges Firmenjubil\u00e4um, Seiersberg Pirka","og_description":"sauber & co Gutleben GmbH | 25j\u00e4hriges Firmenjubil\u00e4um, Seiersberg Pirka, Stmk, Jasmina Gutleben, R\u00fcckblick, Bestehen, Wirtschaftskammer","og_url":"https:\/\/www.leitbetrieb.com\/at\/sauber-co-gutleben-gmbh-25jaehriges-firmenjubilaeum\/","og_site_name":"Leitbetrieb AT","article_published_time":"2023-06-30T06:48:20+00:00","article_modified_time":"2023-06-30T06:53:06+00:00","og_image":[{"width":850,"height":609,"url":"https:\/\/www.leitbetrieb.com\/at\/wp-content\/uploads\/sites\/4\/2023-06-30_sauber-co_TB.jpg","type":"image\/jpeg"}],"author":"p584314","twitter_card":"summary_large_image","twitter_misc":{"Verfasst von":"p584314","Gesch\u00e4tzte Lesezeit":"2\u00a0Minuten"},"schema":{"@context":"https:\/\/schema.org","@graph":[{"@type":"Article","@id":"https:\/\/www.leitbetrieb.com\/at\/sauber-co-gutleben-gmbh-25jaehriges-firmenjubilaeum\/#article","isPartOf":{"@id":"https:\/\/www.leitbetrieb.com\/at\/sauber-co-gutleben-gmbh-25jaehriges-firmenjubilaeum\/"},"author":{"name":"p584314","@id":"https:\/\/www.leitbetrieb.com\/at\/#\/schema\/person\/164d90036db862489d0582d89949542f"},"headline":"sauber &#038; co Gutleben GmbH | 25j\u00e4hriges Firmenjubil\u00e4um","datePublished":"2023-06-30T06:48:20+00:00","dateModified":"2023-06-30T06:53:06+00:00","mainEntityOfPage":{"@id":"https:\/\/www.leitbetrieb.com\/at\/sauber-co-gutleben-gmbh-25jaehriges-firmenjubilaeum\/"},"wordCount":386,"image":{"@id":"https:\/\/www.leitbetrieb.com\/at\/sauber-co-gutleben-gmbh-25jaehriges-firmenjubilaeum\/#primaryimage"},"thumbnailUrl":"https:\/\/www.leitbetrieb.com\/at\/wp-content\/uploads\/sites\/4\/2023-06-30_sauber-co_TB.jpg","keywords":["25 Jahre","Firmenjubil\u00e4um","Jasmina Gutleben","sauber &amp; co","Seiersdorf","Steiermark"],"articleSection":["News"],"inLanguage":"de"},{"@type":"WebPage","@id":"https:\/\/www.leitbetrieb.com\/at\/sauber-co-gutleben-gmbh-25jaehriges-firmenjubilaeum\/","url":"https:\/\/www.leitbetrieb.com\/at\/sauber-co-gutleben-gmbh-25jaehriges-firmenjubilaeum\/","name":"sauber & co Gutleben GmbH | 25j\u00e4hriges Firmenjubil\u00e4um, Seiersberg Pirka","isPartOf":{"@id":"https:\/\/www.leitbetrieb.com\/at\/#website"},"primaryImageOfPage":{"@id":"https:\/\/www.leitbetrieb.com\/at\/sauber-co-gutleben-gmbh-25jaehriges-firmenjubilaeum\/#primaryimage"},"image":{"@id":"https:\/\/www.leitbetrieb.com\/at\/sauber-co-gutleben-gmbh-25jaehriges-firmenjubilaeum\/#primaryimage"},"thumbnailUrl":"https:\/\/www.leitbetrieb.com\/at\/wp-content\/uploads\/sites\/4\/2023-06-30_sauber-co_TB.jpg","datePublished":"2023-06-30T06:48:20+00:00","dateModified":"2023-06-30T06:53:06+00:00","author":{"@id":"https:\/\/www.leitbetrieb.com\/at\/#\/schema\/person\/164d90036db862489d0582d89949542f"},"description":"sauber & co Gutleben GmbH | 25j\u00e4hriges Firmenjubil\u00e4um, Seiersberg Pirka, Stmk, Jasmina Gutleben, R\u00fcckblick, Bestehen, Wirtschaftskammer","breadcrumb":{"@id":"https:\/\/www.leitbetrieb.com\/at\/sauber-co-gutleben-gmbh-25jaehriges-firmenjubilaeum\/#breadcrumb"},"inLanguage":"de","potentialAction":[{"@type":"ReadAction","target":["https:\/\/www.leitbetrieb.com\/at\/sauber-co-gutleben-gmbh-25jaehriges-firmenjubilaeum\/"]}]},{"@type":"ImageObject","inLanguage":"de","@id":"https:\/\/www.leitbetrieb.com\/at\/sauber-co-gutleben-gmbh-25jaehriges-firmenjubilaeum\/#primaryimage","url":"https:\/\/www.leitbetrieb.com\/at\/wp-content\/uploads\/sites\/4\/2023-06-30_sauber-co_TB.jpg","contentUrl":"https:\/\/www.leitbetrieb.com\/at\/wp-content\/uploads\/sites\/4\/2023-06-30_sauber-co_TB.jpg","width":850,"height":609},{"@type":"BreadcrumbList","@id":"https:\/\/www.leitbetrieb.com\/at\/sauber-co-gutleben-gmbh-25jaehriges-firmenjubilaeum\/#breadcrumb","itemListElement":[{"@type":"ListItem","position":1,"name":"Startseite","item":"https:\/\/www.leitbetrieb.com\/at\/"},{"@type":"ListItem","position":2,"name":"sauber &#038; co Gutleben GmbH | 25j\u00e4hriges Firmenjubil\u00e4um"}]},{"@type":"WebSite","@id":"https:\/\/www.leitbetrieb.com\/at\/#website","url":"https:\/\/www.leitbetrieb.com\/at\/","name":"Leitbetrieb AT","description":"Leitbetrieb \u00d6sterreich - Leitbetrieb Deutschland","potentialAction":[{"@type":"SearchAction","target":{"@type":"EntryPoint","urlTemplate":"https:\/\/www.leitbetrieb.com\/at\/?s={search_term_string}"},"query-input":{"@type":"PropertyValueSpecification","valueRequired":true,"valueName":"search_term_string"}}],"inLanguage":"de"},{"@type":"Person","@id":"https:\/\/www.leitbetrieb.com\/at\/#\/schema\/person\/164d90036db862489d0582d89949542f","name":"p584314"}]}},"_links":{"self":[{"href":"https:\/\/www.leitbetrieb.com\/at\/wp-json\/wp\/v2\/posts\/21793","targetHints":{"allow":["GET"]}}],"collection":[{"href":"https:\/\/www.leitbetrieb.com\/at\/wp-json\/wp\/v2\/posts"}],"about":[{"href":"https:\/\/www.leitbetrieb.com\/at\/wp-json\/wp\/v2\/types\/post"}],"author":[{"embeddable":true,"href":"https:\/\/www.leitbetrieb.com\/at\/wp-json\/wp\/v2\/users\/1"}],"replies":[{"embeddable":true,"href":"https:\/\/www.leitbetrieb.com\/at\/wp-json\/wp\/v2\/comments?post=21793"}],"version-history":[{"count":5,"href":"https:\/\/www.leitbetrieb.com\/at\/wp-json\/wp\/v2\/posts\/21793\/revisions"}],"predecessor-version":[{"id":21803,"href":"https:\/\/www.leitbetrieb.com\/at\/wp-json\/wp\/v2\/posts\/21793\/revisions\/21803"}],"wp:featuredmedia":[{"embeddable":true,"href":"https:\/\/www.leitbetrieb.com\/at\/wp-json\/wp\/v2\/media\/21795"}],"wp:attachment":[{"href":"https:\/\/www.leitbetrieb.com\/at\/wp-json\/wp\/v2\/media?parent=21793"}],"wp:term":[{"taxonomy":"category","embeddable":true,"href":"https:\/\/www.leitbetrieb.com\/at\/wp-json\/wp\/v2\/categories?post=21793"},{"taxonomy":"post_tag","embeddable":true,"href":"https:\/\/www.leitbetrieb.com\/at\/wp-json\/wp\/v2\/tags?post=21793"}],"curies":[{"name":"wp","href":"https:\/\/api.w.org\/{rel}","templated":true}]}}