{"id":22262,"date":"2023-09-19T09:56:30","date_gmt":"2023-09-19T07:56:30","guid":{"rendered":"https:\/\/www.leitbetrieb.com\/at\/getzner-textil-ag-spende-fuer-vorarlberger-verein\/"},"modified":"2023-09-19T09:59:28","modified_gmt":"2023-09-19T07:59:28","slug":"getzner-textil-ag-spende-fuer-vorarlberger-verein","status":"publish","type":"post","link":"https:\/\/www.leitbetrieb.com\/at\/getzner-textil-ag-spende-fuer-vorarlberger-verein\/","title":{"rendered":"Getzner Textil AG | Spende f\u00fcr Vorarlberger Verein"},"content":{"rendered":"\t\t<div data-elementor-type=\"wp-post\" data-elementor-id=\"22262\" class=\"elementor elementor-22262\" data-elementor-post-type=\"post\">\n\t\t\t\t\t\t<section class=\"elementor-section elementor-top-section elementor-element elementor-element-2563dc27 elementor-section-boxed elementor-section-height-default elementor-section-height-default\" data-id=\"2563dc27\" data-element_type=\"section\" data-e-type=\"section\">\n\t\t\t\t\t\t<div class=\"elementor-container elementor-column-gap-default\">\n\t\t\t\t\t<div class=\"elementor-column elementor-col-100 elementor-top-column elementor-element elementor-element-69ed77c0\" data-id=\"69ed77c0\" data-element_type=\"column\" data-e-type=\"column\">\n\t\t\t<div class=\"elementor-widget-wrap elementor-element-populated\">\n\t\t\t\t\t\t<div class=\"elementor-element elementor-element-c3d9e3d elementor-widget elementor-widget-text-editor\" data-id=\"c3d9e3d\" data-element_type=\"widget\" data-e-type=\"widget\" data-widget_type=\"text-editor.default\">\n\t\t\t\t<div class=\"elementor-widget-container\">\n\t\t\t\t\t\t\t\t\t<p>LEITBETRIEB Getzner Textil AG &#8211; 4.000 Euro f\u00fcr \u201eTischlein Deck Dich\u201c<\/p>\t\t\t\t\t\t\t\t<\/div>\n\t\t\t\t<\/div>\n\t\t\t\t<section class=\"elementor-section elementor-inner-section elementor-element elementor-element-5a28abb9 elementor-section-boxed elementor-section-height-default elementor-section-height-default\" data-id=\"5a28abb9\" data-element_type=\"section\" data-e-type=\"section\">\n\t\t\t\t\t\t<div class=\"elementor-container elementor-column-gap-default\">\n\t\t\t\t\t<div class=\"elementor-column elementor-col-100 elementor-inner-column elementor-element elementor-element-12a3b2bd\" data-id=\"12a3b2bd\" data-element_type=\"column\" data-e-type=\"column\">\n\t\t\t<div class=\"elementor-widget-wrap elementor-element-populated\">\n\t\t\t\t\t\t<div class=\"elementor-element elementor-element-57073b63 elementor-widget elementor-widget-text-editor\" data-id=\"57073b63\" data-element_type=\"widget\" data-e-type=\"widget\" data-widget_type=\"text-editor.default\">\n\t\t\t\t<div class=\"elementor-widget-container\">\n\t\t\t\t\t\t\t\t\t<p><strong>Getzner Textil unterst\u00fctzt den gemeinn\u00fctzigen Vorarlberger Verein auch dieses Jahr wieder mit einer Geldspende.<\/strong><\/p><p>\u201eVerteilen statt Vernichten\u201c ist der wichtige Leitsatz der gemeinn\u00fctzigen Organisation \u201eTischlein Deck Dich\u201c. Obmann und Gr\u00fcnder Elmar St\u00fcttler hat sich seit vielen Jahren dem verantwortungsvollen Umgang mit Lebensmitteln und der Unterst\u00fctzung bed\u00fcrftiger Menschen verschrieben. Ein Credo, welches die Unternehmensleitung des in der Region verwurzelten Familienbetriebs Getzner Textil nur allzu gern unterst\u00fctzt \u2013 schlie\u00dflich setzt man selbst seit vielen Jahrzehnten auf ein nachhaltiges und zukunftsorientiertes Firmenkonzept, bei dem der Mensch im Mittelpunkt steht.<\/p><p><strong>\u201eBewusster Umgang mit Ressourcen\u201c<\/strong><br \/><em>\u201eDer Schutz von Umwelt und Mensch sowie der bewusste und schonende Umgang mit allen Ressourcen z\u00e4hlen zu den wichtigsten Grunds\u00e4tzen unserer Unternehmensphilosophie. Somit ist es uns ein ehrliches Anliegen, gemeinn\u00fctzige Initiativen wie \u201aTischlein Deck Dich\u2018 tatkr\u00e4ftig zu unterst\u00fctzen, deren ehrenamtliche Helferinnen und Helfer sich tagt\u00e4glich f\u00fcr das Gemeinwohl einsetzen\u201c<\/em>, informiert CEO Roland Comploj.<\/p>\t\t\t\t\t\t\t\t<\/div>\n\t\t\t\t<\/div>\n\t\t\t\t\t<\/div>\n\t\t<\/div>\n\t\t\t\t\t<\/div>\n\t\t<\/section>\n\t\t\t\t<section class=\"elementor-section elementor-inner-section elementor-element elementor-element-dbded28 elementor-section-boxed elementor-section-height-default elementor-section-height-default\" data-id=\"dbded28\" data-element_type=\"section\" data-e-type=\"section\">\n\t\t\t\t\t\t<div class=\"elementor-container elementor-column-gap-default\">\n\t\t\t\t\t<div class=\"elementor-column elementor-col-100 elementor-inner-column elementor-element elementor-element-136e783f\" data-id=\"136e783f\" data-element_type=\"column\" data-e-type=\"column\">\n\t\t\t<div class=\"elementor-widget-wrap elementor-element-populated\">\n\t\t\t\t\t\t<div class=\"elementor-element elementor-element-58550574 elementor-widget elementor-widget-gallery\" data-id=\"58550574\" data-element_type=\"widget\" data-e-type=\"widget\" data-settings=\"{&quot;columns&quot;:5,&quot;lazyload&quot;:&quot;yes&quot;,&quot;gallery_layout&quot;:&quot;grid&quot;,&quot;columns_tablet&quot;:2,&quot;columns_mobile&quot;:1,&quot;gap&quot;:{&quot;unit&quot;:&quot;px&quot;,&quot;size&quot;:10,&quot;sizes&quot;:[]},&quot;gap_tablet&quot;:{&quot;unit&quot;:&quot;px&quot;,&quot;size&quot;:10,&quot;sizes&quot;:[]},&quot;gap_mobile&quot;:{&quot;unit&quot;:&quot;px&quot;,&quot;size&quot;:10,&quot;sizes&quot;:[]},&quot;link_to&quot;:&quot;file&quot;,&quot;aspect_ratio&quot;:&quot;3:2&quot;,&quot;overlay_background&quot;:&quot;yes&quot;,&quot;content_hover_animation&quot;:&quot;fade-in&quot;}\" data-widget_type=\"gallery.default\">\n\t\t\t\t<div class=\"elementor-widget-container\">\n\t\t\t\t\t\t\t<div class=\"elementor-gallery__container\">\n\t\t\t\t\t\t\t<a class=\"e-gallery-item elementor-gallery-item elementor-animated-content\" href=\"https:\/\/www.leitbetrieb.com\/at\/wp-content\/uploads\/sites\/4\/2023-09-19_Getzner-Textil_TB.jpg\" data-elementor-open-lightbox=\"yes\" data-elementor-lightbox-slideshow=\"58550574\" data-elementor-lightbox-title=\"2023 09 19 Getzner Textil TB\" data-elementor-lightbox-description=\"2023 09 19 Getzner Textil TB\" data-e-action-hash=\"#elementor-action%3Aaction%3Dlightbox%26settings%3DeyJpZCI6MjIyNjMsInVybCI6Imh0dHBzOlwvXC93d3cubGVpdGJldHJpZWIuY29tXC9hdFwvd3AtY29udGVudFwvdXBsb2Fkc1wvc2l0ZXNcLzRcLzIwMjMtMDktMTlfR2V0em5lci1UZXh0aWxfVEIuanBnIiwic2xpZGVzaG93IjoiNTg1NTA1NzQifQ%3D%3D\">\n\t\t\t\t\t<div class=\"e-gallery-image elementor-gallery-item__image\" data-thumbnail=\"https:\/\/www.leitbetrieb.com\/at\/wp-content\/uploads\/sites\/4\/2023-09-19_Getzner-Textil_TB.jpg\" data-width=\"850\" data-height=\"609\" aria-label=\"2023 09 19 Getzner Textil TB\" role=\"img\" ><\/div>\n\t\t\t\t\t\t\t\t\t\t\t<div class=\"elementor-gallery-item__overlay\"><\/div>\n\t\t\t\t\t\t\t\t\t\t\t\t\t\t<\/a>\n\t\t\t\t\t<\/div>\n\t\t\t\t\t<\/div>\n\t\t\t\t<\/div>\n\t\t\t\t\t<\/div>\n\t\t<\/div>\n\t\t\t\t\t<\/div>\n\t\t<\/section>\n\t\t\t\t<section class=\"elementor-section elementor-inner-section elementor-element elementor-element-6c0bd0be elementor-section-boxed elementor-section-height-default elementor-section-height-default\" data-id=\"6c0bd0be\" data-element_type=\"section\" data-e-type=\"section\" data-settings=\"{&quot;background_background&quot;:&quot;classic&quot;}\">\n\t\t\t\t\t\t<div class=\"elementor-container elementor-column-gap-default\">\n\t\t\t\t\t<div class=\"elementor-column elementor-col-100 elementor-inner-column elementor-element elementor-element-20d99574\" data-id=\"20d99574\" data-element_type=\"column\" data-e-type=\"column\">\n\t\t\t<div class=\"elementor-widget-wrap elementor-element-populated\">\n\t\t\t\t\t\t<div class=\"elementor-element elementor-element-7762ca32 elementor-align-center elementor-widget elementor-widget-button\" data-id=\"7762ca32\" data-element_type=\"widget\" data-e-type=\"widget\" data-widget_type=\"button.default\">\n\t\t\t\t<div class=\"elementor-widget-container\">\n\t\t\t\t\t\t\t\t\t<div class=\"elementor-button-wrapper\">\n\t\t\t\t\t<a class=\"elementor-button elementor-button-link elementor-size-sm elementor-animation-shrink\" href=\"https:\/\/www.leitbetrieb.com\/at\/leitbetrieb\/getzner-textil-ag-324\/\">\n\t\t\t\t\t\t<span class=\"elementor-button-content-wrapper\">\n\t\t\t\t\t\t\t\t\t<span class=\"elementor-button-text\">zum Firmenprofil<\/span>\n\t\t\t\t\t<\/span>\n\t\t\t\t\t<\/a>\n\t\t\t\t<\/div>\n\t\t\t\t\t\t\t\t<\/div>\n\t\t\t\t<\/div>\n\t\t\t\t\t<\/div>\n\t\t<\/div>\n\t\t\t\t\t<\/div>\n\t\t<\/section>\n\t\t\t\t\t<\/div>\n\t\t<\/div>\n\t\t\t\t\t<\/div>\n\t\t<\/section>\n\t\t\t\t<\/div>\n\t\t","protected":false},"excerpt":{"rendered":"<p>Getzner Textil AG | \u201eVerteilen statt Vernichten\u201c ist der wichtige Leitsatz der gemeinn\u00fctzigen Organisation \u201eTischlein Deck Dich\u201c. Getzner Textil unterst\u00fctzt den Vorarlberger Verein auch dieses Jahr wieder mit einer Geldspende, denn schlie\u00dflich setzt man selbst seit vielen Jahrzehnten auf ein nachhaltiges und zukunftsorientiertes Firmenkonzept.<\/p>\n","protected":false},"author":1,"featured_media":22263,"comment_status":"closed","ping_status":"closed","sticky":false,"template":"","format":"standard","meta":{"site-sidebar-layout":"default","site-content-layout":"default","ast-site-content-layout":"default","site-content-style":"default","site-sidebar-style":"default","ast-global-header-display":"","ast-banner-title-visibility":"","ast-main-header-display":"","ast-hfb-above-header-display":"","ast-hfb-below-header-display":"","ast-hfb-mobile-header-display":"","site-post-title":"","ast-breadcrumbs-content":"","ast-featured-img":"","footer-sml-layout":"","ast-disable-related-posts":"","theme-transparent-header-meta":"default","adv-header-id-meta":"","stick-header-meta":"","header-above-stick-meta":"","header-main-stick-meta":"","header-below-stick-meta":"","astra-migrate-meta-layouts":"default","ast-page-background-enabled":"default","ast-page-background-meta":{"desktop":{"background-color":"var(--ast-global-color-4)","background-image":"","background-repeat":"repeat","background-position":"center center","background-size":"auto","background-attachment":"scroll","background-type":"","background-media":"","overlay-type":"","overlay-color":"","overlay-opacity":"","overlay-gradient":""},"tablet":{"background-color":"","background-image":"","background-repeat":"repeat","background-position":"center center","background-size":"auto","background-attachment":"scroll","background-type":"","background-media":"","overlay-type":"","overlay-color":"","overlay-opacity":"","overlay-gradient":""},"mobile":{"background-color":"","background-image":"","background-repeat":"repeat","background-position":"center center","background-size":"auto","background-attachment":"scroll","background-type":"","background-media":"","overlay-type":"","overlay-color":"","overlay-opacity":"","overlay-gradient":""}},"ast-content-background-meta":{"desktop":{"background-color":"var(--ast-global-color-5)","background-image":"","background-repeat":"repeat","background-position":"center center","background-size":"auto","background-attachment":"scroll","background-type":"","background-media":"","overlay-type":"","overlay-color":"","overlay-opacity":"","overlay-gradient":""},"tablet":{"background-color":"var(--ast-global-color-5)","background-image":"","background-repeat":"repeat","background-position":"center center","background-size":"auto","background-attachment":"scroll","background-type":"","background-media":"","overlay-type":"","overlay-color":"","overlay-opacity":"","overlay-gradient":""},"mobile":{"background-color":"var(--ast-global-color-5)","background-image":"","background-repeat":"repeat","background-position":"center center","background-size":"auto","background-attachment":"scroll","background-type":"","background-media":"","overlay-type":"","overlay-color":"","overlay-opacity":"","overlay-gradient":""}},"footnotes":"","_links_to":"","_links_to_target":""},"categories":[7],"tags":[1238,980,591,884,1239,1010],"class_list":["post-22262","post","type-post","status-publish","format-standard","has-post-thumbnail","hentry","category-news","tag-gemeinnuetziger-verein","tag-getzner-textil-ag","tag-leitbetrieb","tag-spende","tag-tischlein-deck-dich","tag-vorarlberg"],"yoast_head":"<!-- This site is optimized with the Yoast SEO plugin v27.9 - https:\/\/yoast.com\/product\/yoast-seo-wordpress\/ -->\n<title>Getzner Textil AG | Spende f\u00fcr Vorarlberger Verein, Bludenz, Vorarlberg<\/title>\n<meta name=\"description\" content=\"Getzner Textil AG | Spende f\u00fcr Vorarlberger Verein, Bludenz, Vbg, gemeinn\u00fctziger Verein, Tischlein Deck Dich, nachhaltiges Firmenkonzept\" \/>\n<meta name=\"robots\" content=\"index, follow, max-snippet:-1, max-image-preview:large, max-video-preview:-1\" \/>\n<link rel=\"canonical\" href=\"https:\/\/www.leitbetrieb.com\/at\/getzner-textil-ag-spende-fuer-vorarlberger-verein\/\" \/>\n<meta property=\"og:locale\" content=\"de_DE\" \/>\n<meta property=\"og:type\" content=\"article\" \/>\n<meta property=\"og:title\" content=\"Getzner Textil AG | Spende f\u00fcr Vorarlberger Verein, Bludenz, Vorarlberg\" \/>\n<meta property=\"og:description\" content=\"Getzner Textil AG | Spende f\u00fcr Vorarlberger Verein, Bludenz, Vbg, gemeinn\u00fctziger Verein, Tischlein Deck Dich, nachhaltiges Firmenkonzept\" \/>\n<meta property=\"og:url\" content=\"https:\/\/www.leitbetrieb.com\/at\/getzner-textil-ag-spende-fuer-vorarlberger-verein\/\" \/>\n<meta property=\"og:site_name\" content=\"Leitbetrieb AT\" \/>\n<meta property=\"article:published_time\" content=\"2023-09-19T07:56:30+00:00\" \/>\n<meta property=\"article:modified_time\" content=\"2023-09-19T07:59:28+00:00\" \/>\n<meta property=\"og:image\" content=\"https:\/\/www.leitbetrieb.com\/at\/wp-content\/uploads\/sites\/4\/2023-09-19_Getzner-Textil_TB.jpg\" \/>\n\t<meta property=\"og:image:width\" content=\"850\" \/>\n\t<meta property=\"og:image:height\" content=\"609\" \/>\n\t<meta property=\"og:image:type\" content=\"image\/jpeg\" \/>\n<meta name=\"author\" content=\"p584314\" \/>\n<meta name=\"twitter:card\" content=\"summary_large_image\" \/>\n<meta name=\"twitter:label1\" content=\"Verfasst von\" \/>\n\t<meta name=\"twitter:data1\" content=\"p584314\" \/>\n\t<meta name=\"twitter:label2\" content=\"Gesch\u00e4tzte Lesezeit\" \/>\n\t<meta name=\"twitter:data2\" content=\"1\u00a0Minute\" \/>\n<script type=\"application\/ld+json\" class=\"yoast-schema-graph\">{\"@context\":\"https:\\\/\\\/schema.org\",\"@graph\":[{\"@type\":\"Article\",\"@id\":\"https:\\\/\\\/www.leitbetrieb.com\\\/at\\\/getzner-textil-ag-spende-fuer-vorarlberger-verein\\\/#article\",\"isPartOf\":{\"@id\":\"https:\\\/\\\/www.leitbetrieb.com\\\/at\\\/getzner-textil-ag-spende-fuer-vorarlberger-verein\\\/\"},\"author\":{\"name\":\"p584314\",\"@id\":\"https:\\\/\\\/www.leitbetrieb.com\\\/at\\\/#\\\/schema\\\/person\\\/164d90036db862489d0582d89949542f\"},\"headline\":\"Getzner Textil AG | Spende f\u00fcr Vorarlberger Verein\",\"datePublished\":\"2023-09-19T07:56:30+00:00\",\"dateModified\":\"2023-09-19T07:59:28+00:00\",\"mainEntityOfPage\":{\"@id\":\"https:\\\/\\\/www.leitbetrieb.com\\\/at\\\/getzner-textil-ag-spende-fuer-vorarlberger-verein\\\/\"},\"wordCount\":179,\"image\":{\"@id\":\"https:\\\/\\\/www.leitbetrieb.com\\\/at\\\/getzner-textil-ag-spende-fuer-vorarlberger-verein\\\/#primaryimage\"},\"thumbnailUrl\":\"https:\\\/\\\/www.leitbetrieb.com\\\/at\\\/wp-content\\\/uploads\\\/sites\\\/4\\\/2023-09-19_Getzner-Textil_TB.jpg\",\"keywords\":[\"Gemeinn\u00fctziger Verein\",\"Getzner Textil AG\",\"Leitbetrieb\",\"Spende\",\"Tischlein Deck Dich\",\"Vorarlberg\"],\"articleSection\":[\"News\"],\"inLanguage\":\"de\"},{\"@type\":\"WebPage\",\"@id\":\"https:\\\/\\\/www.leitbetrieb.com\\\/at\\\/getzner-textil-ag-spende-fuer-vorarlberger-verein\\\/\",\"url\":\"https:\\\/\\\/www.leitbetrieb.com\\\/at\\\/getzner-textil-ag-spende-fuer-vorarlberger-verein\\\/\",\"name\":\"Getzner Textil AG | Spende f\u00fcr Vorarlberger Verein, Bludenz, Vorarlberg\",\"isPartOf\":{\"@id\":\"https:\\\/\\\/www.leitbetrieb.com\\\/at\\\/#website\"},\"primaryImageOfPage\":{\"@id\":\"https:\\\/\\\/www.leitbetrieb.com\\\/at\\\/getzner-textil-ag-spende-fuer-vorarlberger-verein\\\/#primaryimage\"},\"image\":{\"@id\":\"https:\\\/\\\/www.leitbetrieb.com\\\/at\\\/getzner-textil-ag-spende-fuer-vorarlberger-verein\\\/#primaryimage\"},\"thumbnailUrl\":\"https:\\\/\\\/www.leitbetrieb.com\\\/at\\\/wp-content\\\/uploads\\\/sites\\\/4\\\/2023-09-19_Getzner-Textil_TB.jpg\",\"datePublished\":\"2023-09-19T07:56:30+00:00\",\"dateModified\":\"2023-09-19T07:59:28+00:00\",\"author\":{\"@id\":\"https:\\\/\\\/www.leitbetrieb.com\\\/at\\\/#\\\/schema\\\/person\\\/164d90036db862489d0582d89949542f\"},\"description\":\"Getzner Textil AG | Spende f\u00fcr Vorarlberger Verein, Bludenz, Vbg, gemeinn\u00fctziger Verein, Tischlein Deck Dich, nachhaltiges Firmenkonzept\",\"breadcrumb\":{\"@id\":\"https:\\\/\\\/www.leitbetrieb.com\\\/at\\\/getzner-textil-ag-spende-fuer-vorarlberger-verein\\\/#breadcrumb\"},\"inLanguage\":\"de\",\"potentialAction\":[{\"@type\":\"ReadAction\",\"target\":[\"https:\\\/\\\/www.leitbetrieb.com\\\/at\\\/getzner-textil-ag-spende-fuer-vorarlberger-verein\\\/\"]}]},{\"@type\":\"ImageObject\",\"inLanguage\":\"de\",\"@id\":\"https:\\\/\\\/www.leitbetrieb.com\\\/at\\\/getzner-textil-ag-spende-fuer-vorarlberger-verein\\\/#primaryimage\",\"url\":\"https:\\\/\\\/www.leitbetrieb.com\\\/at\\\/wp-content\\\/uploads\\\/sites\\\/4\\\/2023-09-19_Getzner-Textil_TB.jpg\",\"contentUrl\":\"https:\\\/\\\/www.leitbetrieb.com\\\/at\\\/wp-content\\\/uploads\\\/sites\\\/4\\\/2023-09-19_Getzner-Textil_TB.jpg\",\"width\":850,\"height\":609,\"caption\":\"2023 09 19 Getzner Textil TB\"},{\"@type\":\"BreadcrumbList\",\"@id\":\"https:\\\/\\\/www.leitbetrieb.com\\\/at\\\/getzner-textil-ag-spende-fuer-vorarlberger-verein\\\/#breadcrumb\",\"itemListElement\":[{\"@type\":\"ListItem\",\"position\":1,\"name\":\"Startseite\",\"item\":\"https:\\\/\\\/www.leitbetrieb.com\\\/at\\\/\"},{\"@type\":\"ListItem\",\"position\":2,\"name\":\"Getzner Textil AG | Spende f\u00fcr Vorarlberger Verein\"}]},{\"@type\":\"WebSite\",\"@id\":\"https:\\\/\\\/www.leitbetrieb.com\\\/at\\\/#website\",\"url\":\"https:\\\/\\\/www.leitbetrieb.com\\\/at\\\/\",\"name\":\"Leitbetrieb AT\",\"description\":\"Leitbetrieb \u00d6sterreich - Leitbetrieb Deutschland\",\"potentialAction\":[{\"@type\":\"SearchAction\",\"target\":{\"@type\":\"EntryPoint\",\"urlTemplate\":\"https:\\\/\\\/www.leitbetrieb.com\\\/at\\\/?s={search_term_string}\"},\"query-input\":{\"@type\":\"PropertyValueSpecification\",\"valueRequired\":true,\"valueName\":\"search_term_string\"}}],\"inLanguage\":\"de\"},{\"@type\":\"Person\",\"@id\":\"https:\\\/\\\/www.leitbetrieb.com\\\/at\\\/#\\\/schema\\\/person\\\/164d90036db862489d0582d89949542f\",\"name\":\"p584314\"}]}<\/script>\n<!-- \/ Yoast SEO plugin. -->","yoast_head_json":{"title":"Getzner Textil AG | Spende f\u00fcr Vorarlberger Verein, Bludenz, Vorarlberg","description":"Getzner Textil AG | Spende f\u00fcr Vorarlberger Verein, Bludenz, Vbg, gemeinn\u00fctziger Verein, Tischlein Deck Dich, nachhaltiges Firmenkonzept","robots":{"index":"index","follow":"follow","max-snippet":"max-snippet:-1","max-image-preview":"max-image-preview:large","max-video-preview":"max-video-preview:-1"},"canonical":"https:\/\/www.leitbetrieb.com\/at\/getzner-textil-ag-spende-fuer-vorarlberger-verein\/","og_locale":"de_DE","og_type":"article","og_title":"Getzner Textil AG | Spende f\u00fcr Vorarlberger Verein, Bludenz, Vorarlberg","og_description":"Getzner Textil AG | Spende f\u00fcr Vorarlberger Verein, Bludenz, Vbg, gemeinn\u00fctziger Verein, Tischlein Deck Dich, nachhaltiges Firmenkonzept","og_url":"https:\/\/www.leitbetrieb.com\/at\/getzner-textil-ag-spende-fuer-vorarlberger-verein\/","og_site_name":"Leitbetrieb AT","article_published_time":"2023-09-19T07:56:30+00:00","article_modified_time":"2023-09-19T07:59:28+00:00","og_image":[{"width":850,"height":609,"url":"https:\/\/www.leitbetrieb.com\/at\/wp-content\/uploads\/sites\/4\/2023-09-19_Getzner-Textil_TB.jpg","type":"image\/jpeg"}],"author":"p584314","twitter_card":"summary_large_image","twitter_misc":{"Verfasst von":"p584314","Gesch\u00e4tzte Lesezeit":"1\u00a0Minute"},"schema":{"@context":"https:\/\/schema.org","@graph":[{"@type":"Article","@id":"https:\/\/www.leitbetrieb.com\/at\/getzner-textil-ag-spende-fuer-vorarlberger-verein\/#article","isPartOf":{"@id":"https:\/\/www.leitbetrieb.com\/at\/getzner-textil-ag-spende-fuer-vorarlberger-verein\/"},"author":{"name":"p584314","@id":"https:\/\/www.leitbetrieb.com\/at\/#\/schema\/person\/164d90036db862489d0582d89949542f"},"headline":"Getzner Textil AG | Spende f\u00fcr Vorarlberger Verein","datePublished":"2023-09-19T07:56:30+00:00","dateModified":"2023-09-19T07:59:28+00:00","mainEntityOfPage":{"@id":"https:\/\/www.leitbetrieb.com\/at\/getzner-textil-ag-spende-fuer-vorarlberger-verein\/"},"wordCount":179,"image":{"@id":"https:\/\/www.leitbetrieb.com\/at\/getzner-textil-ag-spende-fuer-vorarlberger-verein\/#primaryimage"},"thumbnailUrl":"https:\/\/www.leitbetrieb.com\/at\/wp-content\/uploads\/sites\/4\/2023-09-19_Getzner-Textil_TB.jpg","keywords":["Gemeinn\u00fctziger Verein","Getzner Textil AG","Leitbetrieb","Spende","Tischlein Deck Dich","Vorarlberg"],"articleSection":["News"],"inLanguage":"de"},{"@type":"WebPage","@id":"https:\/\/www.leitbetrieb.com\/at\/getzner-textil-ag-spende-fuer-vorarlberger-verein\/","url":"https:\/\/www.leitbetrieb.com\/at\/getzner-textil-ag-spende-fuer-vorarlberger-verein\/","name":"Getzner Textil AG | Spende f\u00fcr Vorarlberger Verein, Bludenz, Vorarlberg","isPartOf":{"@id":"https:\/\/www.leitbetrieb.com\/at\/#website"},"primaryImageOfPage":{"@id":"https:\/\/www.leitbetrieb.com\/at\/getzner-textil-ag-spende-fuer-vorarlberger-verein\/#primaryimage"},"image":{"@id":"https:\/\/www.leitbetrieb.com\/at\/getzner-textil-ag-spende-fuer-vorarlberger-verein\/#primaryimage"},"thumbnailUrl":"https:\/\/www.leitbetrieb.com\/at\/wp-content\/uploads\/sites\/4\/2023-09-19_Getzner-Textil_TB.jpg","datePublished":"2023-09-19T07:56:30+00:00","dateModified":"2023-09-19T07:59:28+00:00","author":{"@id":"https:\/\/www.leitbetrieb.com\/at\/#\/schema\/person\/164d90036db862489d0582d89949542f"},"description":"Getzner Textil AG | Spende f\u00fcr Vorarlberger Verein, Bludenz, Vbg, gemeinn\u00fctziger Verein, Tischlein Deck Dich, nachhaltiges Firmenkonzept","breadcrumb":{"@id":"https:\/\/www.leitbetrieb.com\/at\/getzner-textil-ag-spende-fuer-vorarlberger-verein\/#breadcrumb"},"inLanguage":"de","potentialAction":[{"@type":"ReadAction","target":["https:\/\/www.leitbetrieb.com\/at\/getzner-textil-ag-spende-fuer-vorarlberger-verein\/"]}]},{"@type":"ImageObject","inLanguage":"de","@id":"https:\/\/www.leitbetrieb.com\/at\/getzner-textil-ag-spende-fuer-vorarlberger-verein\/#primaryimage","url":"https:\/\/www.leitbetrieb.com\/at\/wp-content\/uploads\/sites\/4\/2023-09-19_Getzner-Textil_TB.jpg","contentUrl":"https:\/\/www.leitbetrieb.com\/at\/wp-content\/uploads\/sites\/4\/2023-09-19_Getzner-Textil_TB.jpg","width":850,"height":609,"caption":"2023 09 19 Getzner Textil TB"},{"@type":"BreadcrumbList","@id":"https:\/\/www.leitbetrieb.com\/at\/getzner-textil-ag-spende-fuer-vorarlberger-verein\/#breadcrumb","itemListElement":[{"@type":"ListItem","position":1,"name":"Startseite","item":"https:\/\/www.leitbetrieb.com\/at\/"},{"@type":"ListItem","position":2,"name":"Getzner Textil AG | Spende f\u00fcr Vorarlberger Verein"}]},{"@type":"WebSite","@id":"https:\/\/www.leitbetrieb.com\/at\/#website","url":"https:\/\/www.leitbetrieb.com\/at\/","name":"Leitbetrieb AT","description":"Leitbetrieb \u00d6sterreich - Leitbetrieb Deutschland","potentialAction":[{"@type":"SearchAction","target":{"@type":"EntryPoint","urlTemplate":"https:\/\/www.leitbetrieb.com\/at\/?s={search_term_string}"},"query-input":{"@type":"PropertyValueSpecification","valueRequired":true,"valueName":"search_term_string"}}],"inLanguage":"de"},{"@type":"Person","@id":"https:\/\/www.leitbetrieb.com\/at\/#\/schema\/person\/164d90036db862489d0582d89949542f","name":"p584314"}]}},"_links":{"self":[{"href":"https:\/\/www.leitbetrieb.com\/at\/wp-json\/wp\/v2\/posts\/22262","targetHints":{"allow":["GET"]}}],"collection":[{"href":"https:\/\/www.leitbetrieb.com\/at\/wp-json\/wp\/v2\/posts"}],"about":[{"href":"https:\/\/www.leitbetrieb.com\/at\/wp-json\/wp\/v2\/types\/post"}],"author":[{"embeddable":true,"href":"https:\/\/www.leitbetrieb.com\/at\/wp-json\/wp\/v2\/users\/1"}],"replies":[{"embeddable":true,"href":"https:\/\/www.leitbetrieb.com\/at\/wp-json\/wp\/v2\/comments?post=22262"}],"version-history":[{"count":5,"href":"https:\/\/www.leitbetrieb.com\/at\/wp-json\/wp\/v2\/posts\/22262\/revisions"}],"predecessor-version":[{"id":22268,"href":"https:\/\/www.leitbetrieb.com\/at\/wp-json\/wp\/v2\/posts\/22262\/revisions\/22268"}],"wp:featuredmedia":[{"embeddable":true,"href":"https:\/\/www.leitbetrieb.com\/at\/wp-json\/wp\/v2\/media\/22263"}],"wp:attachment":[{"href":"https:\/\/www.leitbetrieb.com\/at\/wp-json\/wp\/v2\/media?parent=22262"}],"wp:term":[{"taxonomy":"category","embeddable":true,"href":"https:\/\/www.leitbetrieb.com\/at\/wp-json\/wp\/v2\/categories?post=22262"},{"taxonomy":"post_tag","embeddable":true,"href":"https:\/\/www.leitbetrieb.com\/at\/wp-json\/wp\/v2\/tags?post=22262"}],"curies":[{"name":"wp","href":"https:\/\/api.w.org\/{rel}","templated":true}]}}