{"id":22429,"date":"2023-11-06T14:41:38","date_gmt":"2023-11-06T13:41:38","guid":{"rendered":"https:\/\/www.leitbetrieb.com\/at\/stern-gruppe-140-jaehriges-jubilaeum-mit-grosser-gala\/"},"modified":"2023-11-06T14:57:09","modified_gmt":"2023-11-06T13:57:09","slug":"stern-gruppe-140-jaehriges-jubilaeum-mit-grosser-gala","status":"publish","type":"post","link":"https:\/\/www.leitbetrieb.com\/at\/stern-gruppe-140-jaehriges-jubilaeum-mit-grosser-gala\/","title":{"rendered":"Stern-Gruppe | 140-j\u00e4hriges Jubil\u00e4um mit gro\u00dfer Gala"},"content":{"rendered":"\t\t<div data-elementor-type=\"wp-post\" data-elementor-id=\"22429\" class=\"elementor elementor-22429\" data-elementor-post-type=\"post\">\n\t\t\t\t\t\t<section class=\"elementor-section elementor-top-section elementor-element elementor-element-5a7a2133 elementor-section-boxed elementor-section-height-default elementor-section-height-default\" data-id=\"5a7a2133\" data-element_type=\"section\">\n\t\t\t\t\t\t<div class=\"elementor-container elementor-column-gap-default\">\n\t\t\t\t\t<div class=\"elementor-column elementor-col-100 elementor-top-column elementor-element elementor-element-6ec58121\" data-id=\"6ec58121\" data-element_type=\"column\">\n\t\t\t<div class=\"elementor-widget-wrap elementor-element-populated\">\n\t\t\t\t\t\t<div class=\"elementor-element elementor-element-78b7c55c elementor-widget elementor-widget-text-editor\" data-id=\"78b7c55c\" data-element_type=\"widget\" data-widget_type=\"text-editor.default\">\n\t\t\t\t<div class=\"elementor-widget-container\">\n\t\t\t\t\t\t\t\t\t<p>LEITBETRIEB Stern-Gruppe feiert 140-j\u00e4hriges Jubi\u00e4um<\/p>\t\t\t\t\t\t\t\t<\/div>\n\t\t\t\t<\/div>\n\t\t\t\t<section class=\"elementor-section elementor-inner-section elementor-element elementor-element-44bab59a elementor-section-boxed elementor-section-height-default elementor-section-height-default\" data-id=\"44bab59a\" data-element_type=\"section\">\n\t\t\t\t\t\t<div class=\"elementor-container elementor-column-gap-default\">\n\t\t\t\t\t<div class=\"elementor-column elementor-col-100 elementor-inner-column elementor-element elementor-element-408550aa\" data-id=\"408550aa\" data-element_type=\"column\">\n\t\t\t<div class=\"elementor-widget-wrap elementor-element-populated\">\n\t\t\t\t\t\t<div class=\"elementor-element elementor-element-75dcd11f elementor-widget elementor-widget-text-editor\" data-id=\"75dcd11f\" data-element_type=\"widget\" data-widget_type=\"text-editor.default\">\n\t\t\t\t<div class=\"elementor-widget-container\">\n\t\t\t\t\t\t\t\t\t<p><span style=\"text-decoration: underline;\"><strong>140 Jahre Stern-Gruppe: Eine Erfolgsgeschichte-seit Generationen<\/strong><\/span><br \/><strong>Es ist ein besonderes Jahr der Stern-Gruppe, denn unser moderner Mobilit\u00e4ts- und Technologiekonzern feiert heuer sein 140-j\u00e4hriges Bestehen. Seit der Gr\u00fcndung im Jahr 1883 kann unsere renommierte Unternehmensgruppe auf eine beeindruckende Erfolgsgeschichte zur\u00fcckblicken, die gepr\u00e4gt ist von starken Visionen, Innovationen und mutigen Entscheidungen.<\/strong><\/p><p>Die Geschichte der Stern-Gruppe ist eine Geschichte von Vision\u00e4ren und Pionieren, die nicht nur die ober\u00f6sterreichische Wirtschaft gepr\u00e4gt haben, sondern stets neue Ma\u00dfst\u00e4be in ihren Branchen setzten. Von den bescheidenen Anf\u00e4ngen als Ingenieurb\u00fcro, gegr\u00fcndet von den vision\u00e4ren Technikern Josef Stern und Franz Hafferl, \u00fcber die Diversifizierung in die Bereiche Mobilit\u00e4t, Elektrotechnik und Baugewerbe, bis hin in die heutigen f\u00fcnf Kompetenzfelder steht unsere Unternehmensgruppe f\u00fcr kontinuierliches Wachstum und Fortschritt.<\/p><p><em>\u201e140 Jahre sind ein beeindruckender Meilenstein in unserer Geschichte. Es ist ein Jubil\u00e4um, wo wir stolz auf unsere Erfolge zur\u00fcckblicken k\u00f6nnen, aber auch eine Zeit, in der wir mit vollem Engagement unsere Gesch\u00e4ftsbereiche f\u00fcr die Zukunft ausrichten\u201c<\/em>, sagt der CEO der Stern Gruppe, DI Karl Neumann. Die Vorg\u00e4ngergenerationen haben Innovationen kontinuierlich vorangetrieben, sich immer wieder neu erfunden und damit eine stabile Grundlage geschaffen. <em>\u201eDiese Erfolgsgeschichte ist unsere Verantwortung, den Spirit weiterzutragen und eine nachhaltige Zukunft f\u00fcr kommende Generationen aktiv zu gestalten.\u201c<\/em> Mit einem neuen und modernisierten Auftritt gehe die Unternehmensgruppe entschlossen in Richtung Zukunft \u2013 unter dem Motto: <em>\u201eWir geben dem Leben Qualit\u00e4t\u201c<\/em>.<\/p><p>Das 140-j\u00e4hrige Jubil\u00e4um markiert also nicht nur die lange Geschichte der Stern-Gruppe, sondern gibt auch einen Blick in die Zukunft. Das Unternehmen bleibt seiner Tradition treu, innovative L\u00f6sungen zu entwickeln, die den Bed\u00fcrfnissen der Gesellschaft gerecht werden. Dabei steht Nachhaltigkeit im Mittelpunkt aller Aktivit\u00e4ten. Basis daf\u00fcr ist die neu entwickelte Nachhaltigkeitsstrategie: <em>\u201eEs ist nur m\u00f6glich, uns als Mobilit\u00e4ts- und Technologiekonzern auf der Basis von nachhaltigen Gesch\u00e4ftsmodellen zu positionieren, wenn wir das gemeinsam mit unseren Mitarbeitern verinnerlichen und vorleben\u201c<\/em>, sagt Neumann. <em>\u201eWir haben es uns zum Ziel gemacht, bis 2030 in den wichtigsten Bereichen komplett CO2-neutral zu sein und haben bereits zahlreiche Ma\u00dfnahmen zu dessen Erreichung umgesetzt\u201c<\/em>. Dazu z\u00e4hlen zum Beispiel die Errichtung von PV-Anlagen \u2013 mit mehr als einem Megawattpeak Leistung. Auch das neue Firmengeb\u00e4ude der Stern-Gruppe in Gmunden entspricht der Firmenphilosophie: neben der Verwendung \u00f6kologischer Materialien und einer PV-Anlage als Energielieferant wurden nachhaltige Geb\u00e4udetechnik-L\u00f6sungen umgesetzt. Die gute \u00f6ffentliche Verkehrsanbindung und die gro\u00dfen Gemeinschaftsbereiche mit Begegnungszonen zeigen, dass dies nicht nur eine Investition in die Infrastruktur, sondern vor allem auch in die Mitarbeiterinnen und Mitarbeiter ist. Mit den elektrifizierten Bahnen werden im Personenverkehr j\u00e4hrlich circa 3,3 Millionen Fahrg\u00e4ste transportiert und 3,5 Millionen Tonnen Waren im G\u00fcterverkehr \u201eauf Schiene gebracht\u201c. Den ganzen Nachhaltigkeitsbericht der Stern-Gruppe k\u00f6nnen Sie <span style=\"text-decoration: underline;\"><a href=\"http:\/\/www.stern.at\/nachhaltigkeit\">HIER<\/a><\/span> nachlesen.<\/p><p>Die Unternehmensgruppe ist zukunftsorientiert aufgestellt und mit ihren f\u00fcnf Gesch\u00e4ftsbereichen krisensicher und erfolgreich unterwegs. Das spiegeln auch die Zahlen wider \u2013 der Konzern liegt bei einer EGT-Marge (Anm.: Ergebnis der gew\u00f6hnlichen Gesch\u00e4ftst\u00e4tigkeit vor Steuern) von mehr als f\u00fcnf Prozent und investiert laufend weiter \u2013 in die Infrastruktur, aber auch vor allem in die Menschen und die Region. Zahlreiche gute Gr\u00fcnde, um das Jubil\u00e4umsjahr entsprechend zu feiern. Die Feierlichkeiten zum 140-j\u00e4hrigen Bestehen, die verschiedene Veranstaltungen und Aktivit\u00e4ten umfassen, finden bis Ende Oktober statt \u2013 eingebunden sind Mitarbeiterinnen und Mitarbeiter, Partner und die Menschen in der Region gleicherma\u00dfen. Das ist die gelebte Firmenphilosophie.<\/p>\t\t\t\t\t\t\t\t<\/div>\n\t\t\t\t<\/div>\n\t\t\t\t\t<\/div>\n\t\t<\/div>\n\t\t\t\t\t<\/div>\n\t\t<\/section>\n\t\t\t\t<section class=\"elementor-section elementor-inner-section elementor-element elementor-element-188204e9 elementor-section-boxed elementor-section-height-default elementor-section-height-default\" data-id=\"188204e9\" data-element_type=\"section\">\n\t\t\t\t\t\t<div class=\"elementor-container elementor-column-gap-default\">\n\t\t\t\t\t<div class=\"elementor-column elementor-col-100 elementor-inner-column elementor-element elementor-element-7b9c9e88\" data-id=\"7b9c9e88\" data-element_type=\"column\">\n\t\t\t<div class=\"elementor-widget-wrap elementor-element-populated\">\n\t\t\t\t\t\t<div class=\"elementor-element elementor-element-7777ace3 elementor-widget elementor-widget-gallery\" data-id=\"7777ace3\" data-element_type=\"widget\" data-settings=\"{&quot;columns&quot;:5,&quot;lazyload&quot;:&quot;yes&quot;,&quot;gallery_layout&quot;:&quot;grid&quot;,&quot;columns_tablet&quot;:2,&quot;columns_mobile&quot;:1,&quot;gap&quot;:{&quot;unit&quot;:&quot;px&quot;,&quot;size&quot;:10,&quot;sizes&quot;:[]},&quot;gap_tablet&quot;:{&quot;unit&quot;:&quot;px&quot;,&quot;size&quot;:10,&quot;sizes&quot;:[]},&quot;gap_mobile&quot;:{&quot;unit&quot;:&quot;px&quot;,&quot;size&quot;:10,&quot;sizes&quot;:[]},&quot;link_to&quot;:&quot;file&quot;,&quot;aspect_ratio&quot;:&quot;3:2&quot;,&quot;overlay_background&quot;:&quot;yes&quot;,&quot;content_hover_animation&quot;:&quot;fade-in&quot;}\" data-widget_type=\"gallery.default\">\n\t\t\t\t<div class=\"elementor-widget-container\">\n\t\t\t\t\t\t\t<div class=\"elementor-gallery__container\">\n\t\t\t\t\t\t\t<a class=\"e-gallery-item elementor-gallery-item elementor-animated-content\" href=\"https:\/\/www.leitbetrieb.com\/at\/wp-content\/uploads\/sites\/4\/2023-11-06_Stern-Gruppe_TB.jpg\" data-elementor-open-lightbox=\"yes\" data-elementor-lightbox-slideshow=\"7777ace3\" data-elementor-lightbox-title=\"2023-11-06_Stern Gruppe_TBStern-Gruppe - 140-j\u00e4hriges Jubil\u00e4um - A\" data-elementor-lightbox-description=\"Bildquelle: Stern-Gruppe\" data-e-action-hash=\"#elementor-action%3Aaction%3Dlightbox%26settings%3DeyJpZCI6MjI0MzAsInVybCI6Imh0dHBzOlwvXC93d3cubGVpdGJldHJpZWIuY29tXC9hdFwvd3AtY29udGVudFwvdXBsb2Fkc1wvc2l0ZXNcLzRcLzIwMjMtMTEtMDZfU3Rlcm4tR3J1cHBlX1RCLmpwZyIsInNsaWRlc2hvdyI6Ijc3NzdhY2UzIn0%3D\">\n\t\t\t\t\t<div class=\"e-gallery-image elementor-gallery-item__image\" data-thumbnail=\"https:\/\/www.leitbetrieb.com\/at\/wp-content\/uploads\/sites\/4\/2023-11-06_Stern-Gruppe_TB.jpg\" data-width=\"850\" data-height=\"609\" aria-label=\"\" role=\"img\" ><\/div>\n\t\t\t\t\t\t\t\t\t\t\t<div class=\"elementor-gallery-item__overlay\"><\/div>\n\t\t\t\t\t\t\t\t\t\t\t\t\t\t<\/a>\n\t\t\t\t\t\t\t<a class=\"e-gallery-item elementor-gallery-item elementor-animated-content\" href=\"https:\/\/www.leitbetrieb.com\/at\/wp-content\/uploads\/sites\/4\/2023-11-06_Stern-Gruppe_1.jpg\" data-elementor-open-lightbox=\"yes\" data-elementor-lightbox-slideshow=\"7777ace3\" data-elementor-lightbox-title=\"Stern-Gruppe - 140-j\u00e4hriges Jubil\u00e4um - B\" data-elementor-lightbox-description=\"Bildquelle: Stern-Gruppe\" data-e-action-hash=\"#elementor-action%3Aaction%3Dlightbox%26settings%3DeyJpZCI6MjI0MzUsInVybCI6Imh0dHBzOlwvXC93d3cubGVpdGJldHJpZWIuY29tXC9hdFwvd3AtY29udGVudFwvdXBsb2Fkc1wvc2l0ZXNcLzRcLzIwMjMtMTEtMDZfU3Rlcm4tR3J1cHBlXzEuanBnIiwic2xpZGVzaG93IjoiNzc3N2FjZTMifQ%3D%3D\">\n\t\t\t\t\t<div class=\"e-gallery-image elementor-gallery-item__image\" data-thumbnail=\"https:\/\/www.leitbetrieb.com\/at\/wp-content\/uploads\/sites\/4\/2023-11-06_Stern-Gruppe_1.jpg\" data-width=\"850\" data-height=\"609\" aria-label=\"\" role=\"img\" ><\/div>\n\t\t\t\t\t\t\t\t\t\t\t<div class=\"elementor-gallery-item__overlay\"><\/div>\n\t\t\t\t\t\t\t\t\t\t\t\t\t\t<\/a>\n\t\t\t\t\t\t\t<a class=\"e-gallery-item elementor-gallery-item elementor-animated-content\" href=\"https:\/\/www.leitbetrieb.com\/at\/wp-content\/uploads\/sites\/4\/2023-11-06_Stern-Gruppe_2.jpg\" data-elementor-open-lightbox=\"yes\" data-elementor-lightbox-slideshow=\"7777ace3\" data-elementor-lightbox-title=\"Stern-Gruppe - 140-j\u00e4hriges Jubil\u00e4um - C\" data-elementor-lightbox-description=\"Bildquelle: Stern-Gruppe\" data-e-action-hash=\"#elementor-action%3Aaction%3Dlightbox%26settings%3DeyJpZCI6MjI0MzYsInVybCI6Imh0dHBzOlwvXC93d3cubGVpdGJldHJpZWIuY29tXC9hdFwvd3AtY29udGVudFwvdXBsb2Fkc1wvc2l0ZXNcLzRcLzIwMjMtMTEtMDZfU3Rlcm4tR3J1cHBlXzIuanBnIiwic2xpZGVzaG93IjoiNzc3N2FjZTMifQ%3D%3D\">\n\t\t\t\t\t<div class=\"e-gallery-image elementor-gallery-item__image\" data-thumbnail=\"https:\/\/www.leitbetrieb.com\/at\/wp-content\/uploads\/sites\/4\/2023-11-06_Stern-Gruppe_2.jpg\" data-width=\"850\" data-height=\"609\" aria-label=\"\" role=\"img\" ><\/div>\n\t\t\t\t\t\t\t\t\t\t\t<div class=\"elementor-gallery-item__overlay\"><\/div>\n\t\t\t\t\t\t\t\t\t\t\t\t\t\t<\/a>\n\t\t\t\t\t\t\t<a class=\"e-gallery-item elementor-gallery-item elementor-animated-content\" href=\"https:\/\/www.leitbetrieb.com\/at\/wp-content\/uploads\/sites\/4\/2023-11-06_Stern-Gruppe_3.jpg\" data-elementor-open-lightbox=\"yes\" data-elementor-lightbox-slideshow=\"7777ace3\" data-elementor-lightbox-title=\"Stern-Gruppe - 140-j\u00e4hriges Jubil\u00e4um - D\" data-elementor-lightbox-description=\"Bildquelle: Stern-Gruppe\" data-e-action-hash=\"#elementor-action%3Aaction%3Dlightbox%26settings%3DeyJpZCI6MjI0MzcsInVybCI6Imh0dHBzOlwvXC93d3cubGVpdGJldHJpZWIuY29tXC9hdFwvd3AtY29udGVudFwvdXBsb2Fkc1wvc2l0ZXNcLzRcLzIwMjMtMTEtMDZfU3Rlcm4tR3J1cHBlXzMuanBnIiwic2xpZGVzaG93IjoiNzc3N2FjZTMifQ%3D%3D\">\n\t\t\t\t\t<div class=\"e-gallery-image elementor-gallery-item__image\" data-thumbnail=\"https:\/\/www.leitbetrieb.com\/at\/wp-content\/uploads\/sites\/4\/2023-11-06_Stern-Gruppe_3.jpg\" data-width=\"850\" data-height=\"609\" aria-label=\"\" role=\"img\" ><\/div>\n\t\t\t\t\t\t\t\t\t\t\t<div class=\"elementor-gallery-item__overlay\"><\/div>\n\t\t\t\t\t\t\t\t\t\t\t\t\t\t<\/a>\n\t\t\t\t\t\t\t<a class=\"e-gallery-item elementor-gallery-item elementor-animated-content\" href=\"https:\/\/www.leitbetrieb.com\/at\/wp-content\/uploads\/sites\/4\/2023-11-06_Stern-Gruppe_4.jpg\" data-elementor-open-lightbox=\"yes\" data-elementor-lightbox-slideshow=\"7777ace3\" data-elementor-lightbox-title=\"Stern-Gruppe - 140-j\u00e4hriges Jubil\u00e4um - E\" data-elementor-lightbox-description=\"Bildquelle: Stern-Gruppe\" data-e-action-hash=\"#elementor-action%3Aaction%3Dlightbox%26settings%3DeyJpZCI6MjI0MzgsInVybCI6Imh0dHBzOlwvXC93d3cubGVpdGJldHJpZWIuY29tXC9hdFwvd3AtY29udGVudFwvdXBsb2Fkc1wvc2l0ZXNcLzRcLzIwMjMtMTEtMDZfU3Rlcm4tR3J1cHBlXzQuanBnIiwic2xpZGVzaG93IjoiNzc3N2FjZTMifQ%3D%3D\">\n\t\t\t\t\t<div class=\"e-gallery-image elementor-gallery-item__image\" data-thumbnail=\"https:\/\/www.leitbetrieb.com\/at\/wp-content\/uploads\/sites\/4\/2023-11-06_Stern-Gruppe_4.jpg\" data-width=\"850\" data-height=\"609\" aria-label=\"\" role=\"img\" ><\/div>\n\t\t\t\t\t\t\t\t\t\t\t<div class=\"elementor-gallery-item__overlay\"><\/div>\n\t\t\t\t\t\t\t\t\t\t\t\t\t\t<\/a>\n\t\t\t\t\t<\/div>\n\t\t\t\t\t<\/div>\n\t\t\t\t<\/div>\n\t\t\t\t\t<\/div>\n\t\t<\/div>\n\t\t\t\t\t<\/div>\n\t\t<\/section>\n\t\t\t\t<section class=\"elementor-section elementor-inner-section elementor-element elementor-element-16075b4d elementor-section-boxed elementor-section-height-default elementor-section-height-default\" data-id=\"16075b4d\" data-element_type=\"section\" data-settings=\"{&quot;background_background&quot;:&quot;classic&quot;}\">\n\t\t\t\t\t\t<div class=\"elementor-container elementor-column-gap-default\">\n\t\t\t\t\t<div class=\"elementor-column elementor-col-100 elementor-inner-column elementor-element elementor-element-16cb46b9\" data-id=\"16cb46b9\" data-element_type=\"column\">\n\t\t\t<div class=\"elementor-widget-wrap elementor-element-populated\">\n\t\t\t\t\t\t<div class=\"elementor-element elementor-element-5a7d5a3b elementor-align-center elementor-widget elementor-widget-button\" data-id=\"5a7d5a3b\" data-element_type=\"widget\" data-widget_type=\"button.default\">\n\t\t\t\t<div class=\"elementor-widget-container\">\n\t\t\t\t\t\t\t\t\t<div class=\"elementor-button-wrapper\">\n\t\t\t\t\t<a class=\"elementor-button elementor-button-link elementor-size-sm elementor-animation-shrink\" href=\"https:\/\/www.stern.at\/140-jahre-stern-gruppe\/\" target=\"_blank\">\n\t\t\t\t\t\t<span class=\"elementor-button-content-wrapper\">\n\t\t\t\t\t\t\t\t\t<span class=\"elementor-button-text\">zum Beitrag<\/span>\n\t\t\t\t\t<\/span>\n\t\t\t\t\t<\/a>\n\t\t\t\t<\/div>\n\t\t\t\t\t\t\t\t<\/div>\n\t\t\t\t<\/div>\n\t\t\t\t\t<\/div>\n\t\t<\/div>\n\t\t\t\t\t<\/div>\n\t\t<\/section>\n\t\t\t\t\t<\/div>\n\t\t<\/div>\n\t\t\t\t\t<\/div>\n\t\t<\/section>\n\t\t\t\t<\/div>\n\t\t","protected":false},"excerpt":{"rendered":"<p>Stern-Gruppe | Es ist ein besonderes Jahr f\u00fcr die Stern-Gruppe, denn der Mobilit\u00e4ts- und Technologiekonzern mit Sitz in Gmunden (O\u00d6) feiert in diesem Jahr sein 140-j\u00e4hriges Bestehen. Dies zum Anlass nehmend veranstaltete die Stern-Gruppe eine rauschende Gala Nacht mit zahlreich geladenen G\u00e4sten aus Politik und Wirtschaft. Lesen Sie hier weiter!<\/p>\n","protected":false},"author":1,"featured_media":22430,"comment_status":"closed","ping_status":"closed","sticky":false,"template":"","format":"standard","meta":{"site-sidebar-layout":"default","site-content-layout":"default","ast-site-content-layout":"default","site-content-style":"default","site-sidebar-style":"default","ast-global-header-display":"","ast-banner-title-visibility":"","ast-main-header-display":"","ast-hfb-above-header-display":"","ast-hfb-below-header-display":"","ast-hfb-mobile-header-display":"","site-post-title":"","ast-breadcrumbs-content":"","ast-featured-img":"","footer-sml-layout":"","ast-disable-related-posts":"","theme-transparent-header-meta":"default","adv-header-id-meta":"","stick-header-meta":"","header-above-stick-meta":"","header-main-stick-meta":"","header-below-stick-meta":"","astra-migrate-meta-layouts":"default","ast-page-background-enabled":"default","ast-page-background-meta":{"desktop":{"background-color":"var(--ast-global-color-4)","background-image":"","background-repeat":"repeat","background-position":"center center","background-size":"auto","background-attachment":"scroll","background-type":"","background-media":"","overlay-type":"","overlay-color":"","overlay-opacity":"","overlay-gradient":""},"tablet":{"background-color":"","background-image":"","background-repeat":"repeat","background-position":"center center","background-size":"auto","background-attachment":"scroll","background-type":"","background-media":"","overlay-type":"","overlay-color":"","overlay-opacity":"","overlay-gradient":""},"mobile":{"background-color":"","background-image":"","background-repeat":"repeat","background-position":"center center","background-size":"auto","background-attachment":"scroll","background-type":"","background-media":"","overlay-type":"","overlay-color":"","overlay-opacity":"","overlay-gradient":""}},"ast-content-background-meta":{"desktop":{"background-color":"var(--ast-global-color-5)","background-image":"","background-repeat":"repeat","background-position":"center center","background-size":"auto","background-attachment":"scroll","background-type":"","background-media":"","overlay-type":"","overlay-color":"","overlay-opacity":"","overlay-gradient":""},"tablet":{"background-color":"var(--ast-global-color-5)","background-image":"","background-repeat":"repeat","background-position":"center center","background-size":"auto","background-attachment":"scroll","background-type":"","background-media":"","overlay-type":"","overlay-color":"","overlay-opacity":"","overlay-gradient":""},"mobile":{"background-color":"var(--ast-global-color-5)","background-image":"","background-repeat":"repeat","background-position":"center center","background-size":"auto","background-attachment":"scroll","background-type":"","background-media":"","overlay-type":"","overlay-color":"","overlay-opacity":"","overlay-gradient":""}},"footnotes":"","_links_to":"","_links_to_target":""},"categories":[7],"tags":[1047,1274,850,591,616,1215],"class_list":["post-22429","post","type-post","status-publish","format-standard","has-post-thumbnail","hentry","category-news","tag-firmenfeier","tag-gmunden","tag-jubilaeum","tag-leitbetrieb","tag-ooe","tag-stern-gruppe"],"yoast_head":"<!-- This site is optimized with the Yoast SEO plugin v26.7 - https:\/\/yoast.com\/wordpress\/plugins\/seo\/ -->\n<title>Stern-Gruppe | 140-j\u00e4hriges Jubil\u00e4um mit gro\u00dfer Gala, Gmunden, O\u00d6<\/title>\n<meta name=\"description\" content=\"Stern-Gruppe | 140-j\u00e4hriges Jubil\u00e4um mit gro\u00dfer Gala, Gmunden, O\u00d6, Mobilit\u00e4ts- Technologiekonzern, Verkehr, Schifffahrt, Bau, Betonteile\" \/>\n<meta name=\"robots\" content=\"index, follow, max-snippet:-1, max-image-preview:large, max-video-preview:-1\" \/>\n<link rel=\"canonical\" href=\"https:\/\/www.leitbetrieb.com\/at\/stern-gruppe-140-jaehriges-jubilaeum-mit-grosser-gala\/\" \/>\n<meta property=\"og:locale\" content=\"de_DE\" \/>\n<meta property=\"og:type\" content=\"article\" \/>\n<meta property=\"og:title\" content=\"Stern-Gruppe | 140-j\u00e4hriges Jubil\u00e4um mit gro\u00dfer Gala, Gmunden, O\u00d6\" \/>\n<meta property=\"og:description\" content=\"Stern-Gruppe | 140-j\u00e4hriges Jubil\u00e4um mit gro\u00dfer Gala, Gmunden, O\u00d6, Mobilit\u00e4ts- Technologiekonzern, Verkehr, Schifffahrt, Bau, Betonteile\" \/>\n<meta property=\"og:url\" content=\"https:\/\/www.leitbetrieb.com\/at\/stern-gruppe-140-jaehriges-jubilaeum-mit-grosser-gala\/\" \/>\n<meta property=\"og:site_name\" content=\"Leitbetrieb AT\" \/>\n<meta property=\"article:published_time\" content=\"2023-11-06T13:41:38+00:00\" \/>\n<meta property=\"article:modified_time\" content=\"2023-11-06T13:57:09+00:00\" \/>\n<meta property=\"og:image\" content=\"https:\/\/www.leitbetrieb.com\/at\/wp-content\/uploads\/sites\/4\/2023-11-06_Stern-Gruppe_TB.jpg\" \/>\n\t<meta property=\"og:image:width\" content=\"850\" \/>\n\t<meta property=\"og:image:height\" content=\"609\" \/>\n\t<meta property=\"og:image:type\" content=\"image\/jpeg\" \/>\n<meta name=\"author\" content=\"p584314\" \/>\n<meta name=\"twitter:card\" content=\"summary_large_image\" \/>\n<meta name=\"twitter:label1\" content=\"Verfasst von\" \/>\n\t<meta name=\"twitter:data1\" content=\"p584314\" \/>\n\t<meta name=\"twitter:label2\" content=\"Gesch\u00e4tzte Lesezeit\" \/>\n\t<meta name=\"twitter:data2\" content=\"3\u00a0Minuten\" \/>\n<script type=\"application\/ld+json\" class=\"yoast-schema-graph\">{\"@context\":\"https:\/\/schema.org\",\"@graph\":[{\"@type\":\"Article\",\"@id\":\"https:\/\/www.leitbetrieb.com\/at\/stern-gruppe-140-jaehriges-jubilaeum-mit-grosser-gala\/#article\",\"isPartOf\":{\"@id\":\"https:\/\/www.leitbetrieb.com\/at\/stern-gruppe-140-jaehriges-jubilaeum-mit-grosser-gala\/\"},\"author\":{\"name\":\"p584314\",\"@id\":\"https:\/\/www.leitbetrieb.com\/at\/#\/schema\/person\/164d90036db862489d0582d89949542f\"},\"headline\":\"Stern-Gruppe | 140-j\u00e4hriges Jubil\u00e4um mit gro\u00dfer Gala\",\"datePublished\":\"2023-11-06T13:41:38+00:00\",\"dateModified\":\"2023-11-06T13:57:09+00:00\",\"mainEntityOfPage\":{\"@id\":\"https:\/\/www.leitbetrieb.com\/at\/stern-gruppe-140-jaehriges-jubilaeum-mit-grosser-gala\/\"},\"wordCount\":592,\"image\":{\"@id\":\"https:\/\/www.leitbetrieb.com\/at\/stern-gruppe-140-jaehriges-jubilaeum-mit-grosser-gala\/#primaryimage\"},\"thumbnailUrl\":\"https:\/\/www.leitbetrieb.com\/at\/wp-content\/uploads\/sites\/4\/2023-11-06_Stern-Gruppe_TB.jpg\",\"keywords\":[\"Firmenfeier\",\"Gmunden\",\"Jubil\u00e4um\",\"Leitbetrieb\",\"O\u00d6\",\"Stern Gruppe\"],\"articleSection\":[\"News\"],\"inLanguage\":\"de\"},{\"@type\":\"WebPage\",\"@id\":\"https:\/\/www.leitbetrieb.com\/at\/stern-gruppe-140-jaehriges-jubilaeum-mit-grosser-gala\/\",\"url\":\"https:\/\/www.leitbetrieb.com\/at\/stern-gruppe-140-jaehriges-jubilaeum-mit-grosser-gala\/\",\"name\":\"Stern-Gruppe | 140-j\u00e4hriges Jubil\u00e4um mit gro\u00dfer Gala, Gmunden, O\u00d6\",\"isPartOf\":{\"@id\":\"https:\/\/www.leitbetrieb.com\/at\/#website\"},\"primaryImageOfPage\":{\"@id\":\"https:\/\/www.leitbetrieb.com\/at\/stern-gruppe-140-jaehriges-jubilaeum-mit-grosser-gala\/#primaryimage\"},\"image\":{\"@id\":\"https:\/\/www.leitbetrieb.com\/at\/stern-gruppe-140-jaehriges-jubilaeum-mit-grosser-gala\/#primaryimage\"},\"thumbnailUrl\":\"https:\/\/www.leitbetrieb.com\/at\/wp-content\/uploads\/sites\/4\/2023-11-06_Stern-Gruppe_TB.jpg\",\"datePublished\":\"2023-11-06T13:41:38+00:00\",\"dateModified\":\"2023-11-06T13:57:09+00:00\",\"author\":{\"@id\":\"https:\/\/www.leitbetrieb.com\/at\/#\/schema\/person\/164d90036db862489d0582d89949542f\"},\"description\":\"Stern-Gruppe | 140-j\u00e4hriges Jubil\u00e4um mit gro\u00dfer Gala, Gmunden, O\u00d6, Mobilit\u00e4ts- Technologiekonzern, Verkehr, Schifffahrt, Bau, Betonteile\",\"breadcrumb\":{\"@id\":\"https:\/\/www.leitbetrieb.com\/at\/stern-gruppe-140-jaehriges-jubilaeum-mit-grosser-gala\/#breadcrumb\"},\"inLanguage\":\"de\",\"potentialAction\":[{\"@type\":\"ReadAction\",\"target\":[\"https:\/\/www.leitbetrieb.com\/at\/stern-gruppe-140-jaehriges-jubilaeum-mit-grosser-gala\/\"]}]},{\"@type\":\"ImageObject\",\"inLanguage\":\"de\",\"@id\":\"https:\/\/www.leitbetrieb.com\/at\/stern-gruppe-140-jaehriges-jubilaeum-mit-grosser-gala\/#primaryimage\",\"url\":\"https:\/\/www.leitbetrieb.com\/at\/wp-content\/uploads\/sites\/4\/2023-11-06_Stern-Gruppe_TB.jpg\",\"contentUrl\":\"https:\/\/www.leitbetrieb.com\/at\/wp-content\/uploads\/sites\/4\/2023-11-06_Stern-Gruppe_TB.jpg\",\"width\":850,\"height\":609},{\"@type\":\"BreadcrumbList\",\"@id\":\"https:\/\/www.leitbetrieb.com\/at\/stern-gruppe-140-jaehriges-jubilaeum-mit-grosser-gala\/#breadcrumb\",\"itemListElement\":[{\"@type\":\"ListItem\",\"position\":1,\"name\":\"Startseite\",\"item\":\"https:\/\/www.leitbetrieb.com\/at\/\"},{\"@type\":\"ListItem\",\"position\":2,\"name\":\"Stern-Gruppe | 140-j\u00e4hriges Jubil\u00e4um mit gro\u00dfer Gala\"}]},{\"@type\":\"WebSite\",\"@id\":\"https:\/\/www.leitbetrieb.com\/at\/#website\",\"url\":\"https:\/\/www.leitbetrieb.com\/at\/\",\"name\":\"Leitbetrieb AT\",\"description\":\"Leitbetrieb \u00d6sterreich - Leitbetrieb Deutschland\",\"potentialAction\":[{\"@type\":\"SearchAction\",\"target\":{\"@type\":\"EntryPoint\",\"urlTemplate\":\"https:\/\/www.leitbetrieb.com\/at\/?s={search_term_string}\"},\"query-input\":{\"@type\":\"PropertyValueSpecification\",\"valueRequired\":true,\"valueName\":\"search_term_string\"}}],\"inLanguage\":\"de\"},{\"@type\":\"Person\",\"@id\":\"https:\/\/www.leitbetrieb.com\/at\/#\/schema\/person\/164d90036db862489d0582d89949542f\",\"name\":\"p584314\"}]}<\/script>\n<!-- \/ Yoast SEO plugin. -->","yoast_head_json":{"title":"Stern-Gruppe | 140-j\u00e4hriges Jubil\u00e4um mit gro\u00dfer Gala, Gmunden, O\u00d6","description":"Stern-Gruppe | 140-j\u00e4hriges Jubil\u00e4um mit gro\u00dfer Gala, Gmunden, O\u00d6, Mobilit\u00e4ts- Technologiekonzern, Verkehr, Schifffahrt, Bau, Betonteile","robots":{"index":"index","follow":"follow","max-snippet":"max-snippet:-1","max-image-preview":"max-image-preview:large","max-video-preview":"max-video-preview:-1"},"canonical":"https:\/\/www.leitbetrieb.com\/at\/stern-gruppe-140-jaehriges-jubilaeum-mit-grosser-gala\/","og_locale":"de_DE","og_type":"article","og_title":"Stern-Gruppe | 140-j\u00e4hriges Jubil\u00e4um mit gro\u00dfer Gala, Gmunden, O\u00d6","og_description":"Stern-Gruppe | 140-j\u00e4hriges Jubil\u00e4um mit gro\u00dfer Gala, Gmunden, O\u00d6, Mobilit\u00e4ts- Technologiekonzern, Verkehr, Schifffahrt, Bau, Betonteile","og_url":"https:\/\/www.leitbetrieb.com\/at\/stern-gruppe-140-jaehriges-jubilaeum-mit-grosser-gala\/","og_site_name":"Leitbetrieb AT","article_published_time":"2023-11-06T13:41:38+00:00","article_modified_time":"2023-11-06T13:57:09+00:00","og_image":[{"width":850,"height":609,"url":"https:\/\/www.leitbetrieb.com\/at\/wp-content\/uploads\/sites\/4\/2023-11-06_Stern-Gruppe_TB.jpg","type":"image\/jpeg"}],"author":"p584314","twitter_card":"summary_large_image","twitter_misc":{"Verfasst von":"p584314","Gesch\u00e4tzte Lesezeit":"3\u00a0Minuten"},"schema":{"@context":"https:\/\/schema.org","@graph":[{"@type":"Article","@id":"https:\/\/www.leitbetrieb.com\/at\/stern-gruppe-140-jaehriges-jubilaeum-mit-grosser-gala\/#article","isPartOf":{"@id":"https:\/\/www.leitbetrieb.com\/at\/stern-gruppe-140-jaehriges-jubilaeum-mit-grosser-gala\/"},"author":{"name":"p584314","@id":"https:\/\/www.leitbetrieb.com\/at\/#\/schema\/person\/164d90036db862489d0582d89949542f"},"headline":"Stern-Gruppe | 140-j\u00e4hriges Jubil\u00e4um mit gro\u00dfer Gala","datePublished":"2023-11-06T13:41:38+00:00","dateModified":"2023-11-06T13:57:09+00:00","mainEntityOfPage":{"@id":"https:\/\/www.leitbetrieb.com\/at\/stern-gruppe-140-jaehriges-jubilaeum-mit-grosser-gala\/"},"wordCount":592,"image":{"@id":"https:\/\/www.leitbetrieb.com\/at\/stern-gruppe-140-jaehriges-jubilaeum-mit-grosser-gala\/#primaryimage"},"thumbnailUrl":"https:\/\/www.leitbetrieb.com\/at\/wp-content\/uploads\/sites\/4\/2023-11-06_Stern-Gruppe_TB.jpg","keywords":["Firmenfeier","Gmunden","Jubil\u00e4um","Leitbetrieb","O\u00d6","Stern Gruppe"],"articleSection":["News"],"inLanguage":"de"},{"@type":"WebPage","@id":"https:\/\/www.leitbetrieb.com\/at\/stern-gruppe-140-jaehriges-jubilaeum-mit-grosser-gala\/","url":"https:\/\/www.leitbetrieb.com\/at\/stern-gruppe-140-jaehriges-jubilaeum-mit-grosser-gala\/","name":"Stern-Gruppe | 140-j\u00e4hriges Jubil\u00e4um mit gro\u00dfer Gala, Gmunden, O\u00d6","isPartOf":{"@id":"https:\/\/www.leitbetrieb.com\/at\/#website"},"primaryImageOfPage":{"@id":"https:\/\/www.leitbetrieb.com\/at\/stern-gruppe-140-jaehriges-jubilaeum-mit-grosser-gala\/#primaryimage"},"image":{"@id":"https:\/\/www.leitbetrieb.com\/at\/stern-gruppe-140-jaehriges-jubilaeum-mit-grosser-gala\/#primaryimage"},"thumbnailUrl":"https:\/\/www.leitbetrieb.com\/at\/wp-content\/uploads\/sites\/4\/2023-11-06_Stern-Gruppe_TB.jpg","datePublished":"2023-11-06T13:41:38+00:00","dateModified":"2023-11-06T13:57:09+00:00","author":{"@id":"https:\/\/www.leitbetrieb.com\/at\/#\/schema\/person\/164d90036db862489d0582d89949542f"},"description":"Stern-Gruppe | 140-j\u00e4hriges Jubil\u00e4um mit gro\u00dfer Gala, Gmunden, O\u00d6, Mobilit\u00e4ts- Technologiekonzern, Verkehr, Schifffahrt, Bau, Betonteile","breadcrumb":{"@id":"https:\/\/www.leitbetrieb.com\/at\/stern-gruppe-140-jaehriges-jubilaeum-mit-grosser-gala\/#breadcrumb"},"inLanguage":"de","potentialAction":[{"@type":"ReadAction","target":["https:\/\/www.leitbetrieb.com\/at\/stern-gruppe-140-jaehriges-jubilaeum-mit-grosser-gala\/"]}]},{"@type":"ImageObject","inLanguage":"de","@id":"https:\/\/www.leitbetrieb.com\/at\/stern-gruppe-140-jaehriges-jubilaeum-mit-grosser-gala\/#primaryimage","url":"https:\/\/www.leitbetrieb.com\/at\/wp-content\/uploads\/sites\/4\/2023-11-06_Stern-Gruppe_TB.jpg","contentUrl":"https:\/\/www.leitbetrieb.com\/at\/wp-content\/uploads\/sites\/4\/2023-11-06_Stern-Gruppe_TB.jpg","width":850,"height":609},{"@type":"BreadcrumbList","@id":"https:\/\/www.leitbetrieb.com\/at\/stern-gruppe-140-jaehriges-jubilaeum-mit-grosser-gala\/#breadcrumb","itemListElement":[{"@type":"ListItem","position":1,"name":"Startseite","item":"https:\/\/www.leitbetrieb.com\/at\/"},{"@type":"ListItem","position":2,"name":"Stern-Gruppe | 140-j\u00e4hriges Jubil\u00e4um mit gro\u00dfer Gala"}]},{"@type":"WebSite","@id":"https:\/\/www.leitbetrieb.com\/at\/#website","url":"https:\/\/www.leitbetrieb.com\/at\/","name":"Leitbetrieb AT","description":"Leitbetrieb \u00d6sterreich - Leitbetrieb Deutschland","potentialAction":[{"@type":"SearchAction","target":{"@type":"EntryPoint","urlTemplate":"https:\/\/www.leitbetrieb.com\/at\/?s={search_term_string}"},"query-input":{"@type":"PropertyValueSpecification","valueRequired":true,"valueName":"search_term_string"}}],"inLanguage":"de"},{"@type":"Person","@id":"https:\/\/www.leitbetrieb.com\/at\/#\/schema\/person\/164d90036db862489d0582d89949542f","name":"p584314"}]}},"_links":{"self":[{"href":"https:\/\/www.leitbetrieb.com\/at\/wp-json\/wp\/v2\/posts\/22429","targetHints":{"allow":["GET"]}}],"collection":[{"href":"https:\/\/www.leitbetrieb.com\/at\/wp-json\/wp\/v2\/posts"}],"about":[{"href":"https:\/\/www.leitbetrieb.com\/at\/wp-json\/wp\/v2\/types\/post"}],"author":[{"embeddable":true,"href":"https:\/\/www.leitbetrieb.com\/at\/wp-json\/wp\/v2\/users\/1"}],"replies":[{"embeddable":true,"href":"https:\/\/www.leitbetrieb.com\/at\/wp-json\/wp\/v2\/comments?post=22429"}],"version-history":[{"count":9,"href":"https:\/\/www.leitbetrieb.com\/at\/wp-json\/wp\/v2\/posts\/22429\/revisions"}],"predecessor-version":[{"id":22443,"href":"https:\/\/www.leitbetrieb.com\/at\/wp-json\/wp\/v2\/posts\/22429\/revisions\/22443"}],"wp:featuredmedia":[{"embeddable":true,"href":"https:\/\/www.leitbetrieb.com\/at\/wp-json\/wp\/v2\/media\/22430"}],"wp:attachment":[{"href":"https:\/\/www.leitbetrieb.com\/at\/wp-json\/wp\/v2\/media?parent=22429"}],"wp:term":[{"taxonomy":"category","embeddable":true,"href":"https:\/\/www.leitbetrieb.com\/at\/wp-json\/wp\/v2\/categories?post=22429"},{"taxonomy":"post_tag","embeddable":true,"href":"https:\/\/www.leitbetrieb.com\/at\/wp-json\/wp\/v2\/tags?post=22429"}],"curies":[{"name":"wp","href":"https:\/\/api.w.org\/{rel}","templated":true}]}}