{"id":10645,"date":"2022-06-01T15:22:06","date_gmt":"2022-06-01T13:22:06","guid":{"rendered":"https:\/\/www.leitbetrieb.com\/de\/leitbetrieb-weyland-gmbh-eroeffnungsfeier-neuer-standort\/"},"modified":"2022-06-01T15:26:12","modified_gmt":"2022-06-01T13:26:12","slug":"leitbetrieb-weyland-gmbh-eroeffnungsfeier-neuer-standort","status":"publish","type":"post","link":"https:\/\/www.leitbetrieb.com\/de\/leitbetrieb-weyland-gmbh-eroeffnungsfeier-neuer-standort\/","title":{"rendered":"Leitbetrieb Weyland GmbH | Er\u00f6ffnungsfeier neuer Standort"},"content":{"rendered":"\t\t<div data-elementor-type=\"wp-post\" data-elementor-id=\"10645\" class=\"elementor elementor-10645\" data-elementor-post-type=\"post\">\n\t\t\t\t\t\t<section class=\"elementor-section elementor-top-section elementor-element elementor-element-73e432d1 elementor-section-boxed elementor-section-height-default elementor-section-height-default\" data-id=\"73e432d1\" data-element_type=\"section\">\n\t\t\t\t\t\t<div class=\"elementor-container elementor-column-gap-default\">\n\t\t\t\t\t<div class=\"elementor-column elementor-col-100 elementor-top-column elementor-element elementor-element-4cf06cc3\" data-id=\"4cf06cc3\" data-element_type=\"column\">\n\t\t\t<div class=\"elementor-widget-wrap elementor-element-populated\">\n\t\t\t\t\t\t<div class=\"elementor-element elementor-element-4572878e elementor-widget elementor-widget-text-editor\" data-id=\"4572878e\" data-element_type=\"widget\" data-widget_type=\"text-editor.default\">\n\t\t\t\t<div class=\"elementor-widget-container\">\n\t\t\t\t\t\t\t\t\t<p>LEITBETRIEB Weyland feiert den neuen Standort in Wollsdorf<\/p>\t\t\t\t\t\t\t\t<\/div>\n\t\t\t\t<\/div>\n\t\t\t\t<section class=\"elementor-section elementor-inner-section elementor-element elementor-element-5fcde164 elementor-section-boxed elementor-section-height-default elementor-section-height-default\" data-id=\"5fcde164\" data-element_type=\"section\">\n\t\t\t\t\t\t<div class=\"elementor-container elementor-column-gap-default\">\n\t\t\t\t\t<div class=\"elementor-column elementor-col-100 elementor-inner-column elementor-element elementor-element-24409856\" data-id=\"24409856\" data-element_type=\"column\">\n\t\t\t<div class=\"elementor-widget-wrap elementor-element-populated\">\n\t\t\t\t\t\t<div class=\"elementor-element elementor-element-490dfd8b elementor-widget elementor-widget-text-editor\" data-id=\"490dfd8b\" data-element_type=\"widget\" data-widget_type=\"text-editor.default\">\n\t\t\t\t<div class=\"elementor-widget-container\">\n\t\t\t\t\t\t\t\t\t<p><strong>Zur offiziellen Er\u00f6ffnung lud die Firma Weyland, welche 1833 in Ober\u00f6sterreich gegr\u00fcndet wurde, nun in Wollsdorf in der Gemeinde St. Ruprecht an der Raab. Nach rund einem Jahr Bauzeit konnte man mit den Mitarbeitern, Kunden und Lieferanten die R\u00e4umlichkeiten mit einem Festakt einweihen.<\/strong><\/p><p>Seit 11 Jahren ist man mit einem Standort in der Steiermark und seit 2021 in Wollsdorf. Die offizielle Er\u00f6ffnung wurde aufgrund der Pandemie verschoben und so konnte man bei herrlichem Wetter und einem tollen Rahmenprogramm die Er\u00f6ffnung genie\u00dfen.<\/p><p>Bei einer Ausstellermesse mit rund 30 Herstellern konnte man interessante Produktneuheiten aus dem Lieferprogramm kennenlernen. Im selben Zuge wurde auch das neue Firmengel\u00e4nde und die neue M\u00f6belteilproduktion pr\u00e4sentiert. F\u00fcr das leibliche Wohl sorgten verschiedene Foodtrucks und Livemusik. Eine atemberaubende Motorrad-Trial-Stuntshow, Stihl Timbersports, Showkellner u.v.m. rundeten das Programm ab.<\/p><p>Otto Weyland jun. sowie Norbert Thumfart und auch Niederlassungsleiter Herbert Kuhnert von Weyland bedankten sich bei den Kunden, Partnern und Mitarbeitern f\u00fcr die gute Zusammenarbeit. Auch Landtagsabgeordneter Andreas Kinsky sprach seine Gl\u00fcckw\u00fcnsche zum neuen Standort aus.<\/p><p>B\u00fcrgermeister Herbert Pregartner sowie Roman Neubauer und Stephan Pessl vom Innovationszentrum Weiz kamen mit einem sch\u00f6nen Geschenk. Zwei Ahorn B\u00e4ume wurden \u00fcbergeben und sollen ein Zeichen setzen f\u00fcr eine Gr\u00fcnraumerholung.<\/p><p><br \/><strong>Die ServiceInitiative Leitbetrieb gratuliert recht herzlich!<\/strong><\/p>\t\t\t\t\t\t\t\t<\/div>\n\t\t\t\t<\/div>\n\t\t\t\t\t<\/div>\n\t\t<\/div>\n\t\t\t\t\t<\/div>\n\t\t<\/section>\n\t\t\t\t<section class=\"elementor-section elementor-inner-section elementor-element elementor-element-6994713 elementor-section-boxed elementor-section-height-default elementor-section-height-default\" data-id=\"6994713\" data-element_type=\"section\">\n\t\t\t\t\t\t<div class=\"elementor-container elementor-column-gap-default\">\n\t\t\t\t\t<div class=\"elementor-column elementor-col-100 elementor-inner-column elementor-element elementor-element-4d45a3d5\" data-id=\"4d45a3d5\" data-element_type=\"column\">\n\t\t\t<div class=\"elementor-widget-wrap elementor-element-populated\">\n\t\t\t\t\t\t<div class=\"elementor-element elementor-element-542699c2 elementor-widget elementor-widget-gallery\" data-id=\"542699c2\" data-element_type=\"widget\" data-settings=\"{&quot;columns&quot;:5,&quot;lazyload&quot;:&quot;yes&quot;,&quot;gallery_layout&quot;:&quot;grid&quot;,&quot;columns_tablet&quot;:2,&quot;columns_mobile&quot;:1,&quot;gap&quot;:{&quot;unit&quot;:&quot;px&quot;,&quot;size&quot;:10,&quot;sizes&quot;:[]},&quot;gap_tablet&quot;:{&quot;unit&quot;:&quot;px&quot;,&quot;size&quot;:10,&quot;sizes&quot;:[]},&quot;gap_mobile&quot;:{&quot;unit&quot;:&quot;px&quot;,&quot;size&quot;:10,&quot;sizes&quot;:[]},&quot;link_to&quot;:&quot;file&quot;,&quot;aspect_ratio&quot;:&quot;3:2&quot;,&quot;overlay_background&quot;:&quot;yes&quot;,&quot;content_hover_animation&quot;:&quot;fade-in&quot;}\" data-widget_type=\"gallery.default\">\n\t\t\t\t<div class=\"elementor-widget-container\">\n\t\t\t\t\t\t\t<div class=\"elementor-gallery__container\">\n\t\t\t\t\t\t\t<a class=\"e-gallery-item elementor-gallery-item elementor-animated-content\" href=\"https:\/\/www.leitbetrieb.com\/de\/wp-content\/uploads\/sites\/5\/2022-06-01_Weyland_TB.jpg\" data-elementor-open-lightbox=\"yes\" data-elementor-lightbox-slideshow=\"542699c2\" data-elementor-lightbox-title=\"Weyland GmbH | Offizielle Er\u00f6ffnungsfeier in Wollsdorf\" data-elementor-lightbox-description=\"Bildquelle: RegionalMedien Engelmann\" data-e-action-hash=\"#elementor-action%3Aaction%3Dlightbox%26settings%3DeyJpZCI6MTA2NDYsInVybCI6Imh0dHBzOlwvXC93d3cubGVpdGJldHJpZWIuY29tXC9kZVwvd3AtY29udGVudFwvdXBsb2Fkc1wvc2l0ZXNcLzVcLzIwMjItMDYtMDFfV2V5bGFuZF9UQi5qcGciLCJzbGlkZXNob3ciOiI1NDI2OTljMiJ9\">\n\t\t\t\t\t<div class=\"e-gallery-image elementor-gallery-item__image\" data-thumbnail=\"https:\/\/www.leitbetrieb.com\/de\/wp-content\/uploads\/sites\/5\/2022-06-01_Weyland_TB.jpg\" data-width=\"850\" data-height=\"609\" aria-label=\"\" role=\"img\" ><\/div>\n\t\t\t\t\t\t\t\t\t\t\t<div class=\"elementor-gallery-item__overlay\"><\/div>\n\t\t\t\t\t\t\t\t\t\t\t\t\t\t<\/a>\n\t\t\t\t\t\t\t<a class=\"e-gallery-item elementor-gallery-item elementor-animated-content\" href=\"https:\/\/www.leitbetrieb.com\/de\/wp-content\/uploads\/sites\/5\/2022-06-01_Weyland_1.jpg\" data-elementor-open-lightbox=\"yes\" data-elementor-lightbox-slideshow=\"542699c2\" data-elementor-lightbox-title=\"Weyland GmbH | Offizielle Er\u00f6ffnungsfeier in Wollsdorf - 1\" data-elementor-lightbox-description=\"Bildquelle: RegionalMedien Engelmann\" data-e-action-hash=\"#elementor-action%3Aaction%3Dlightbox%26settings%3DeyJpZCI6MTA2NDgsInVybCI6Imh0dHBzOlwvXC93d3cubGVpdGJldHJpZWIuY29tXC9kZVwvd3AtY29udGVudFwvdXBsb2Fkc1wvc2l0ZXNcLzVcLzIwMjItMDYtMDFfV2V5bGFuZF8xLmpwZyIsInNsaWRlc2hvdyI6IjU0MjY5OWMyIn0%3D\">\n\t\t\t\t\t<div class=\"e-gallery-image elementor-gallery-item__image\" data-thumbnail=\"https:\/\/www.leitbetrieb.com\/de\/wp-content\/uploads\/sites\/5\/2022-06-01_Weyland_1.jpg\" data-width=\"850\" data-height=\"609\" aria-label=\"\" role=\"img\" ><\/div>\n\t\t\t\t\t\t\t\t\t\t\t<div class=\"elementor-gallery-item__overlay\"><\/div>\n\t\t\t\t\t\t\t\t\t\t\t\t\t\t<\/a>\n\t\t\t\t\t\t\t<a class=\"e-gallery-item elementor-gallery-item elementor-animated-content\" href=\"https:\/\/www.leitbetrieb.com\/de\/wp-content\/uploads\/sites\/5\/2022-06-01_Weyland_2.jpg\" data-elementor-open-lightbox=\"yes\" data-elementor-lightbox-slideshow=\"542699c2\" data-elementor-lightbox-title=\"Weyland GmbH | Offizielle Er\u00f6ffnungsfeier in Wollsdorf - 2\" data-elementor-lightbox-description=\"Bildquelle: RegionalMedien Engelmann\" data-e-action-hash=\"#elementor-action%3Aaction%3Dlightbox%26settings%3DeyJpZCI6MTA2NDksInVybCI6Imh0dHBzOlwvXC93d3cubGVpdGJldHJpZWIuY29tXC9kZVwvd3AtY29udGVudFwvdXBsb2Fkc1wvc2l0ZXNcLzVcLzIwMjItMDYtMDFfV2V5bGFuZF8yLmpwZyIsInNsaWRlc2hvdyI6IjU0MjY5OWMyIn0%3D\">\n\t\t\t\t\t<div class=\"e-gallery-image elementor-gallery-item__image\" data-thumbnail=\"https:\/\/www.leitbetrieb.com\/de\/wp-content\/uploads\/sites\/5\/2022-06-01_Weyland_2.jpg\" data-width=\"850\" data-height=\"609\" aria-label=\"\" role=\"img\" ><\/div>\n\t\t\t\t\t\t\t\t\t\t\t<div class=\"elementor-gallery-item__overlay\"><\/div>\n\t\t\t\t\t\t\t\t\t\t\t\t\t\t<\/a>\n\t\t\t\t\t\t\t<a class=\"e-gallery-item elementor-gallery-item elementor-animated-content\" href=\"https:\/\/www.leitbetrieb.com\/de\/wp-content\/uploads\/sites\/5\/2022-06-01_Weyland_3.jpg\" data-elementor-open-lightbox=\"yes\" data-elementor-lightbox-slideshow=\"542699c2\" data-elementor-lightbox-title=\"Weyland GmbH | Offizielle Er\u00f6ffnungsfeier in Wollsdorf - 3\" data-elementor-lightbox-description=\"Bildquelle: RegionalMedien Engelmann\" data-e-action-hash=\"#elementor-action%3Aaction%3Dlightbox%26settings%3DeyJpZCI6MTA2NTAsInVybCI6Imh0dHBzOlwvXC93d3cubGVpdGJldHJpZWIuY29tXC9kZVwvd3AtY29udGVudFwvdXBsb2Fkc1wvc2l0ZXNcLzVcLzIwMjItMDYtMDFfV2V5bGFuZF8zLmpwZyIsInNsaWRlc2hvdyI6IjU0MjY5OWMyIn0%3D\">\n\t\t\t\t\t<div class=\"e-gallery-image elementor-gallery-item__image\" data-thumbnail=\"https:\/\/www.leitbetrieb.com\/de\/wp-content\/uploads\/sites\/5\/2022-06-01_Weyland_3.jpg\" data-width=\"850\" data-height=\"609\" aria-label=\"\" role=\"img\" ><\/div>\n\t\t\t\t\t\t\t\t\t\t\t<div class=\"elementor-gallery-item__overlay\"><\/div>\n\t\t\t\t\t\t\t\t\t\t\t\t\t\t<\/a>\n\t\t\t\t\t\t\t<a class=\"e-gallery-item elementor-gallery-item elementor-animated-content\" href=\"https:\/\/www.leitbetrieb.com\/de\/wp-content\/uploads\/sites\/5\/2022-06-01_Weyland_4.jpg\" data-elementor-open-lightbox=\"yes\" data-elementor-lightbox-slideshow=\"542699c2\" data-elementor-lightbox-title=\"Weyland GmbH | Offizielle Er\u00f6ffnungsfeier in Wollsdorf - 4\" data-elementor-lightbox-description=\"Bildquelle: RegionalMedien Engelmann\" data-e-action-hash=\"#elementor-action%3Aaction%3Dlightbox%26settings%3DeyJpZCI6MTA2NTEsInVybCI6Imh0dHBzOlwvXC93d3cubGVpdGJldHJpZWIuY29tXC9kZVwvd3AtY29udGVudFwvdXBsb2Fkc1wvc2l0ZXNcLzVcLzIwMjItMDYtMDFfV2V5bGFuZF80LmpwZyIsInNsaWRlc2hvdyI6IjU0MjY5OWMyIn0%3D\">\n\t\t\t\t\t<div class=\"e-gallery-image elementor-gallery-item__image\" data-thumbnail=\"https:\/\/www.leitbetrieb.com\/de\/wp-content\/uploads\/sites\/5\/2022-06-01_Weyland_4.jpg\" data-width=\"850\" data-height=\"609\" aria-label=\"\" role=\"img\" ><\/div>\n\t\t\t\t\t\t\t\t\t\t\t<div class=\"elementor-gallery-item__overlay\"><\/div>\n\t\t\t\t\t\t\t\t\t\t\t\t\t\t<\/a>\n\t\t\t\t\t<\/div>\n\t\t\t\t\t<\/div>\n\t\t\t\t<\/div>\n\t\t\t\t\t<\/div>\n\t\t<\/div>\n\t\t\t\t\t<\/div>\n\t\t<\/section>\n\t\t\t\t<section class=\"elementor-section elementor-inner-section elementor-element elementor-element-3d03b94a elementor-section-boxed elementor-section-height-default elementor-section-height-default\" data-id=\"3d03b94a\" data-element_type=\"section\" data-settings=\"{&quot;background_background&quot;:&quot;classic&quot;}\">\n\t\t\t\t\t\t<div class=\"elementor-container elementor-column-gap-default\">\n\t\t\t\t\t<div class=\"elementor-column elementor-col-50 elementor-inner-column elementor-element elementor-element-7f0d645b\" data-id=\"7f0d645b\" data-element_type=\"column\">\n\t\t\t<div class=\"elementor-widget-wrap elementor-element-populated\">\n\t\t\t\t\t\t<div class=\"elementor-element elementor-element-167f0d3f elementor-align-center elementor-widget elementor-widget-button\" data-id=\"167f0d3f\" data-element_type=\"widget\" data-widget_type=\"button.default\">\n\t\t\t\t<div class=\"elementor-widget-container\">\n\t\t\t\t\t\t\t\t\t<div class=\"elementor-button-wrapper\">\n\t\t\t\t\t<a class=\"elementor-button elementor-button-link elementor-size-sm elementor-animation-shrink\" href=\"https:\/\/www.leitbetrieb.com\/at\/leitbetrieb\/weyland-gmbh-229\/\">\n\t\t\t\t\t\t<span class=\"elementor-button-content-wrapper\">\n\t\t\t\t\t\t\t\t\t<span class=\"elementor-button-text\">zum Firmenprofil<\/span>\n\t\t\t\t\t<\/span>\n\t\t\t\t\t<\/a>\n\t\t\t\t<\/div>\n\t\t\t\t\t\t\t\t<\/div>\n\t\t\t\t<\/div>\n\t\t\t\t\t<\/div>\n\t\t<\/div>\n\t\t\t\t<div class=\"elementor-column elementor-col-50 elementor-inner-column elementor-element elementor-element-8dfa4d7\" data-id=\"8dfa4d7\" data-element_type=\"column\">\n\t\t\t<div class=\"elementor-widget-wrap elementor-element-populated\">\n\t\t\t\t\t\t<div class=\"elementor-element elementor-element-52da26e elementor-align-center elementor-widget elementor-widget-button\" data-id=\"52da26e\" data-element_type=\"widget\" data-widget_type=\"button.default\">\n\t\t\t\t<div class=\"elementor-widget-container\">\n\t\t\t\t\t\t\t\t\t<div class=\"elementor-button-wrapper\">\n\t\t\t\t\t<a class=\"elementor-button elementor-button-link elementor-size-sm elementor-animation-shrink\" href=\"https:\/\/www.meinbezirk.at\/weiz\/c-wirtschaft\/die-firma-weyland-feiert-den-neuen-standort-in-wollsdorf_a5359921\" target=\"_blank\">\n\t\t\t\t\t\t<span class=\"elementor-button-content-wrapper\">\n\t\t\t\t\t\t\t\t\t<span class=\"elementor-button-text\">zum Beitrag<\/span>\n\t\t\t\t\t<\/span>\n\t\t\t\t\t<\/a>\n\t\t\t\t<\/div>\n\t\t\t\t\t\t\t\t<\/div>\n\t\t\t\t<\/div>\n\t\t\t\t\t<\/div>\n\t\t<\/div>\n\t\t\t\t\t<\/div>\n\t\t<\/section>\n\t\t\t\t\t<\/div>\n\t\t<\/div>\n\t\t\t\t\t<\/div>\n\t\t<\/section>\n\t\t\t\t<\/div>\n\t\t","protected":false},"excerpt":{"rendered":"<p>Leitbetrieb Weyland GmbH | Zur offiziellen Er\u00f6ffnung lud die Firma Weyland, welche 1833 in Ober\u00f6sterreich gegr\u00fcndet wurde, nun in Wollsdorf in der Gemeinde St. Ruprecht an der Raab. Nach rund einem Jahr Bauzeit konnte man mit den Mitarbeitern, Kunden und Lieferanten die R\u00e4umlichkeiten mit einem Festakt einweihen. <\/p>\n","protected":false},"author":1,"featured_media":10646,"comment_status":"closed","ping_status":"closed","sticky":false,"template":"","format":"standard","meta":{"site-sidebar-layout":"default","site-content-layout":"default","ast-site-content-layout":"default","site-content-style":"default","site-sidebar-style":"default","ast-global-header-display":"","ast-banner-title-visibility":"","ast-main-header-display":"","ast-hfb-above-header-display":"","ast-hfb-below-header-display":"","ast-hfb-mobile-header-display":"","site-post-title":"","ast-breadcrumbs-content":"","ast-featured-img":"","footer-sml-layout":"","ast-disable-related-posts":"","theme-transparent-header-meta":"default","adv-header-id-meta":"","stick-header-meta":"","header-above-stick-meta":"","header-main-stick-meta":"","header-below-stick-meta":"","astra-migrate-meta-layouts":"default","ast-page-background-enabled":"default","ast-page-background-meta":{"desktop":{"background-color":"var(--ast-global-color-4)","background-image":"","background-repeat":"repeat","background-position":"center center","background-size":"auto","background-attachment":"scroll","background-type":"","background-media":"","overlay-type":"","overlay-color":"","overlay-opacity":"","overlay-gradient":""},"tablet":{"background-color":"","background-image":"","background-repeat":"repeat","background-position":"center center","background-size":"auto","background-attachment":"scroll","background-type":"","background-media":"","overlay-type":"","overlay-color":"","overlay-opacity":"","overlay-gradient":""},"mobile":{"background-color":"","background-image":"","background-repeat":"repeat","background-position":"center center","background-size":"auto","background-attachment":"scroll","background-type":"","background-media":"","overlay-type":"","overlay-color":"","overlay-opacity":"","overlay-gradient":""}},"ast-content-background-meta":{"desktop":{"background-color":"var(--ast-global-color-5)","background-image":"","background-repeat":"repeat","background-position":"center center","background-size":"auto","background-attachment":"scroll","background-type":"","background-media":"","overlay-type":"","overlay-color":"","overlay-opacity":"","overlay-gradient":""},"tablet":{"background-color":"var(--ast-global-color-5)","background-image":"","background-repeat":"repeat","background-position":"center center","background-size":"auto","background-attachment":"scroll","background-type":"","background-media":"","overlay-type":"","overlay-color":"","overlay-opacity":"","overlay-gradient":""},"mobile":{"background-color":"var(--ast-global-color-5)","background-image":"","background-repeat":"repeat","background-position":"center center","background-size":"auto","background-attachment":"scroll","background-type":"","background-media":"","overlay-type":"","overlay-color":"","overlay-opacity":"","overlay-gradient":""}},"footnotes":"","_links_to":"","_links_to_target":""},"categories":[341],"tags":[753,754,354,755,756,757,465,758],"class_list":["post-10645","post","type-post","status-publish","format-standard","has-post-thumbnail","hentry","category-news","tag-ausstellermesse","tag-eroeffnung","tag-leitbetrieb","tag-moebelteilproduktion","tag-produktneuheiten","tag-st-ruprecht-an-der-raab","tag-weyland","tag-wollsdorf"],"yoast_head":"<!-- This site is optimized with the Yoast SEO plugin v26.7 - https:\/\/yoast.com\/wordpress\/plugins\/seo\/ -->\n<title>Leitbetrieb Weyland GmbH | Er\u00f6ffnungsfeier neuer Standort in Wollsdorf<\/title>\n<meta name=\"description\" content=\"Leitbetrieb Weyland GmbH | Er\u00f6ffnungsfeier neuer Standort in Wollsdorf, St. Ruprecht a.d. Raab, Ausstellung, Neuheiten, M\u00f6belteilproduktion\" \/>\n<meta name=\"robots\" content=\"index, follow, max-snippet:-1, max-image-preview:large, max-video-preview:-1\" \/>\n<link rel=\"canonical\" href=\"https:\/\/www.leitbetrieb.com\/de\/leitbetrieb-weyland-gmbh-eroeffnungsfeier-neuer-standort\/\" \/>\n<meta property=\"og:locale\" content=\"de_DE\" \/>\n<meta property=\"og:type\" content=\"article\" \/>\n<meta property=\"og:title\" content=\"Leitbetrieb Weyland GmbH | Er\u00f6ffnungsfeier neuer Standort in Wollsdorf\" \/>\n<meta property=\"og:description\" content=\"Leitbetrieb Weyland GmbH | Er\u00f6ffnungsfeier neuer Standort in Wollsdorf, St. Ruprecht a.d. Raab, Ausstellung, Neuheiten, M\u00f6belteilproduktion\" \/>\n<meta property=\"og:url\" content=\"https:\/\/www.leitbetrieb.com\/de\/leitbetrieb-weyland-gmbh-eroeffnungsfeier-neuer-standort\/\" \/>\n<meta property=\"og:site_name\" content=\"Leitbetrieb DE\" \/>\n<meta property=\"article:published_time\" content=\"2022-06-01T13:22:06+00:00\" \/>\n<meta property=\"article:modified_time\" content=\"2022-06-01T13:26:12+00:00\" \/>\n<meta property=\"og:image\" content=\"https:\/\/www.leitbetrieb.com\/de\/wp-content\/uploads\/sites\/5\/2022-06-01_Weyland_TB.jpg\" \/>\n\t<meta property=\"og:image:width\" content=\"850\" \/>\n\t<meta property=\"og:image:height\" content=\"609\" \/>\n\t<meta property=\"og:image:type\" content=\"image\/jpeg\" \/>\n<meta name=\"author\" content=\"p584314\" \/>\n<meta name=\"twitter:card\" content=\"summary_large_image\" \/>\n<meta name=\"twitter:label1\" content=\"Verfasst von\" \/>\n\t<meta name=\"twitter:data1\" content=\"p584314\" \/>\n\t<meta name=\"twitter:label2\" content=\"Gesch\u00e4tzte Lesezeit\" \/>\n\t<meta name=\"twitter:data2\" content=\"1\u00a0Minute\" \/>\n<script type=\"application\/ld+json\" class=\"yoast-schema-graph\">{\"@context\":\"https:\/\/schema.org\",\"@graph\":[{\"@type\":\"Article\",\"@id\":\"https:\/\/www.leitbetrieb.com\/de\/leitbetrieb-weyland-gmbh-eroeffnungsfeier-neuer-standort\/#article\",\"isPartOf\":{\"@id\":\"https:\/\/www.leitbetrieb.com\/de\/leitbetrieb-weyland-gmbh-eroeffnungsfeier-neuer-standort\/\"},\"author\":{\"name\":\"p584314\",\"@id\":\"https:\/\/www.leitbetrieb.com\/de\/#\/schema\/person\/164d90036db862489d0582d89949542f\"},\"headline\":\"Leitbetrieb Weyland GmbH | Er\u00f6ffnungsfeier neuer Standort\",\"datePublished\":\"2022-06-01T13:22:06+00:00\",\"dateModified\":\"2022-06-01T13:26:12+00:00\",\"mainEntityOfPage\":{\"@id\":\"https:\/\/www.leitbetrieb.com\/de\/leitbetrieb-weyland-gmbh-eroeffnungsfeier-neuer-standort\/\"},\"wordCount\":237,\"image\":{\"@id\":\"https:\/\/www.leitbetrieb.com\/de\/leitbetrieb-weyland-gmbh-eroeffnungsfeier-neuer-standort\/#primaryimage\"},\"thumbnailUrl\":\"https:\/\/www.leitbetrieb.com\/de\/wp-content\/uploads\/sites\/5\/2022-06-01_Weyland_TB.jpg\",\"keywords\":[\"Ausstellermesse\",\"Er\u00f6ffnung\",\"Leitbetrieb\",\"M\u00f6belteilproduktion\",\"Produktneuheiten\",\"St. Ruprecht an der Raab\",\"Weyland\",\"Wollsdorf\"],\"articleSection\":[\"News\"],\"inLanguage\":\"de\"},{\"@type\":\"WebPage\",\"@id\":\"https:\/\/www.leitbetrieb.com\/de\/leitbetrieb-weyland-gmbh-eroeffnungsfeier-neuer-standort\/\",\"url\":\"https:\/\/www.leitbetrieb.com\/de\/leitbetrieb-weyland-gmbh-eroeffnungsfeier-neuer-standort\/\",\"name\":\"Leitbetrieb Weyland GmbH | Er\u00f6ffnungsfeier neuer Standort in Wollsdorf\",\"isPartOf\":{\"@id\":\"https:\/\/www.leitbetrieb.com\/de\/#website\"},\"primaryImageOfPage\":{\"@id\":\"https:\/\/www.leitbetrieb.com\/de\/leitbetrieb-weyland-gmbh-eroeffnungsfeier-neuer-standort\/#primaryimage\"},\"image\":{\"@id\":\"https:\/\/www.leitbetrieb.com\/de\/leitbetrieb-weyland-gmbh-eroeffnungsfeier-neuer-standort\/#primaryimage\"},\"thumbnailUrl\":\"https:\/\/www.leitbetrieb.com\/de\/wp-content\/uploads\/sites\/5\/2022-06-01_Weyland_TB.jpg\",\"datePublished\":\"2022-06-01T13:22:06+00:00\",\"dateModified\":\"2022-06-01T13:26:12+00:00\",\"author\":{\"@id\":\"https:\/\/www.leitbetrieb.com\/de\/#\/schema\/person\/164d90036db862489d0582d89949542f\"},\"description\":\"Leitbetrieb Weyland GmbH | Er\u00f6ffnungsfeier neuer Standort in Wollsdorf, St. Ruprecht a.d. Raab, Ausstellung, Neuheiten, M\u00f6belteilproduktion\",\"breadcrumb\":{\"@id\":\"https:\/\/www.leitbetrieb.com\/de\/leitbetrieb-weyland-gmbh-eroeffnungsfeier-neuer-standort\/#breadcrumb\"},\"inLanguage\":\"de\",\"potentialAction\":[{\"@type\":\"ReadAction\",\"target\":[\"https:\/\/www.leitbetrieb.com\/de\/leitbetrieb-weyland-gmbh-eroeffnungsfeier-neuer-standort\/\"]}]},{\"@type\":\"ImageObject\",\"inLanguage\":\"de\",\"@id\":\"https:\/\/www.leitbetrieb.com\/de\/leitbetrieb-weyland-gmbh-eroeffnungsfeier-neuer-standort\/#primaryimage\",\"url\":\"https:\/\/www.leitbetrieb.com\/de\/wp-content\/uploads\/sites\/5\/2022-06-01_Weyland_TB.jpg\",\"contentUrl\":\"https:\/\/www.leitbetrieb.com\/de\/wp-content\/uploads\/sites\/5\/2022-06-01_Weyland_TB.jpg\",\"width\":850,\"height\":609},{\"@type\":\"BreadcrumbList\",\"@id\":\"https:\/\/www.leitbetrieb.com\/de\/leitbetrieb-weyland-gmbh-eroeffnungsfeier-neuer-standort\/#breadcrumb\",\"itemListElement\":[{\"@type\":\"ListItem\",\"position\":1,\"name\":\"Startseite\",\"item\":\"https:\/\/www.leitbetrieb.com\/de\/\"},{\"@type\":\"ListItem\",\"position\":2,\"name\":\"Leitbetrieb Weyland GmbH | Er\u00f6ffnungsfeier neuer Standort\"}]},{\"@type\":\"WebSite\",\"@id\":\"https:\/\/www.leitbetrieb.com\/de\/#website\",\"url\":\"https:\/\/www.leitbetrieb.com\/de\/\",\"name\":\"Leitbetrieb DE\",\"description\":\"Leitbetrieb \u00d6sterreich - Leitbetrieb Deutschland\",\"potentialAction\":[{\"@type\":\"SearchAction\",\"target\":{\"@type\":\"EntryPoint\",\"urlTemplate\":\"https:\/\/www.leitbetrieb.com\/de\/?s={search_term_string}\"},\"query-input\":{\"@type\":\"PropertyValueSpecification\",\"valueRequired\":true,\"valueName\":\"search_term_string\"}}],\"inLanguage\":\"de\"},{\"@type\":\"Person\",\"@id\":\"https:\/\/www.leitbetrieb.com\/de\/#\/schema\/person\/164d90036db862489d0582d89949542f\",\"name\":\"p584314\"}]}<\/script>\n<!-- \/ Yoast SEO plugin. -->","yoast_head_json":{"title":"Leitbetrieb Weyland GmbH | Er\u00f6ffnungsfeier neuer Standort in Wollsdorf","description":"Leitbetrieb Weyland GmbH | Er\u00f6ffnungsfeier neuer Standort in Wollsdorf, St. Ruprecht a.d. Raab, Ausstellung, Neuheiten, M\u00f6belteilproduktion","robots":{"index":"index","follow":"follow","max-snippet":"max-snippet:-1","max-image-preview":"max-image-preview:large","max-video-preview":"max-video-preview:-1"},"canonical":"https:\/\/www.leitbetrieb.com\/de\/leitbetrieb-weyland-gmbh-eroeffnungsfeier-neuer-standort\/","og_locale":"de_DE","og_type":"article","og_title":"Leitbetrieb Weyland GmbH | Er\u00f6ffnungsfeier neuer Standort in Wollsdorf","og_description":"Leitbetrieb Weyland GmbH | Er\u00f6ffnungsfeier neuer Standort in Wollsdorf, St. Ruprecht a.d. Raab, Ausstellung, Neuheiten, M\u00f6belteilproduktion","og_url":"https:\/\/www.leitbetrieb.com\/de\/leitbetrieb-weyland-gmbh-eroeffnungsfeier-neuer-standort\/","og_site_name":"Leitbetrieb DE","article_published_time":"2022-06-01T13:22:06+00:00","article_modified_time":"2022-06-01T13:26:12+00:00","og_image":[{"width":850,"height":609,"url":"https:\/\/www.leitbetrieb.com\/de\/wp-content\/uploads\/sites\/5\/2022-06-01_Weyland_TB.jpg","type":"image\/jpeg"}],"author":"p584314","twitter_card":"summary_large_image","twitter_misc":{"Verfasst von":"p584314","Gesch\u00e4tzte Lesezeit":"1\u00a0Minute"},"schema":{"@context":"https:\/\/schema.org","@graph":[{"@type":"Article","@id":"https:\/\/www.leitbetrieb.com\/de\/leitbetrieb-weyland-gmbh-eroeffnungsfeier-neuer-standort\/#article","isPartOf":{"@id":"https:\/\/www.leitbetrieb.com\/de\/leitbetrieb-weyland-gmbh-eroeffnungsfeier-neuer-standort\/"},"author":{"name":"p584314","@id":"https:\/\/www.leitbetrieb.com\/de\/#\/schema\/person\/164d90036db862489d0582d89949542f"},"headline":"Leitbetrieb Weyland GmbH | Er\u00f6ffnungsfeier neuer Standort","datePublished":"2022-06-01T13:22:06+00:00","dateModified":"2022-06-01T13:26:12+00:00","mainEntityOfPage":{"@id":"https:\/\/www.leitbetrieb.com\/de\/leitbetrieb-weyland-gmbh-eroeffnungsfeier-neuer-standort\/"},"wordCount":237,"image":{"@id":"https:\/\/www.leitbetrieb.com\/de\/leitbetrieb-weyland-gmbh-eroeffnungsfeier-neuer-standort\/#primaryimage"},"thumbnailUrl":"https:\/\/www.leitbetrieb.com\/de\/wp-content\/uploads\/sites\/5\/2022-06-01_Weyland_TB.jpg","keywords":["Ausstellermesse","Er\u00f6ffnung","Leitbetrieb","M\u00f6belteilproduktion","Produktneuheiten","St. Ruprecht an der Raab","Weyland","Wollsdorf"],"articleSection":["News"],"inLanguage":"de"},{"@type":"WebPage","@id":"https:\/\/www.leitbetrieb.com\/de\/leitbetrieb-weyland-gmbh-eroeffnungsfeier-neuer-standort\/","url":"https:\/\/www.leitbetrieb.com\/de\/leitbetrieb-weyland-gmbh-eroeffnungsfeier-neuer-standort\/","name":"Leitbetrieb Weyland GmbH | Er\u00f6ffnungsfeier neuer Standort in Wollsdorf","isPartOf":{"@id":"https:\/\/www.leitbetrieb.com\/de\/#website"},"primaryImageOfPage":{"@id":"https:\/\/www.leitbetrieb.com\/de\/leitbetrieb-weyland-gmbh-eroeffnungsfeier-neuer-standort\/#primaryimage"},"image":{"@id":"https:\/\/www.leitbetrieb.com\/de\/leitbetrieb-weyland-gmbh-eroeffnungsfeier-neuer-standort\/#primaryimage"},"thumbnailUrl":"https:\/\/www.leitbetrieb.com\/de\/wp-content\/uploads\/sites\/5\/2022-06-01_Weyland_TB.jpg","datePublished":"2022-06-01T13:22:06+00:00","dateModified":"2022-06-01T13:26:12+00:00","author":{"@id":"https:\/\/www.leitbetrieb.com\/de\/#\/schema\/person\/164d90036db862489d0582d89949542f"},"description":"Leitbetrieb Weyland GmbH | Er\u00f6ffnungsfeier neuer Standort in Wollsdorf, St. Ruprecht a.d. Raab, Ausstellung, Neuheiten, M\u00f6belteilproduktion","breadcrumb":{"@id":"https:\/\/www.leitbetrieb.com\/de\/leitbetrieb-weyland-gmbh-eroeffnungsfeier-neuer-standort\/#breadcrumb"},"inLanguage":"de","potentialAction":[{"@type":"ReadAction","target":["https:\/\/www.leitbetrieb.com\/de\/leitbetrieb-weyland-gmbh-eroeffnungsfeier-neuer-standort\/"]}]},{"@type":"ImageObject","inLanguage":"de","@id":"https:\/\/www.leitbetrieb.com\/de\/leitbetrieb-weyland-gmbh-eroeffnungsfeier-neuer-standort\/#primaryimage","url":"https:\/\/www.leitbetrieb.com\/de\/wp-content\/uploads\/sites\/5\/2022-06-01_Weyland_TB.jpg","contentUrl":"https:\/\/www.leitbetrieb.com\/de\/wp-content\/uploads\/sites\/5\/2022-06-01_Weyland_TB.jpg","width":850,"height":609},{"@type":"BreadcrumbList","@id":"https:\/\/www.leitbetrieb.com\/de\/leitbetrieb-weyland-gmbh-eroeffnungsfeier-neuer-standort\/#breadcrumb","itemListElement":[{"@type":"ListItem","position":1,"name":"Startseite","item":"https:\/\/www.leitbetrieb.com\/de\/"},{"@type":"ListItem","position":2,"name":"Leitbetrieb Weyland GmbH | Er\u00f6ffnungsfeier neuer Standort"}]},{"@type":"WebSite","@id":"https:\/\/www.leitbetrieb.com\/de\/#website","url":"https:\/\/www.leitbetrieb.com\/de\/","name":"Leitbetrieb DE","description":"Leitbetrieb \u00d6sterreich - Leitbetrieb Deutschland","potentialAction":[{"@type":"SearchAction","target":{"@type":"EntryPoint","urlTemplate":"https:\/\/www.leitbetrieb.com\/de\/?s={search_term_string}"},"query-input":{"@type":"PropertyValueSpecification","valueRequired":true,"valueName":"search_term_string"}}],"inLanguage":"de"},{"@type":"Person","@id":"https:\/\/www.leitbetrieb.com\/de\/#\/schema\/person\/164d90036db862489d0582d89949542f","name":"p584314"}]}},"_links":{"self":[{"href":"https:\/\/www.leitbetrieb.com\/de\/wp-json\/wp\/v2\/posts\/10645","targetHints":{"allow":["GET"]}}],"collection":[{"href":"https:\/\/www.leitbetrieb.com\/de\/wp-json\/wp\/v2\/posts"}],"about":[{"href":"https:\/\/www.leitbetrieb.com\/de\/wp-json\/wp\/v2\/types\/post"}],"author":[{"embeddable":true,"href":"https:\/\/www.leitbetrieb.com\/de\/wp-json\/wp\/v2\/users\/1"}],"replies":[{"embeddable":true,"href":"https:\/\/www.leitbetrieb.com\/de\/wp-json\/wp\/v2\/comments?post=10645"}],"version-history":[{"count":10,"href":"https:\/\/www.leitbetrieb.com\/de\/wp-json\/wp\/v2\/posts\/10645\/revisions"}],"predecessor-version":[{"id":10660,"href":"https:\/\/www.leitbetrieb.com\/de\/wp-json\/wp\/v2\/posts\/10645\/revisions\/10660"}],"wp:featuredmedia":[{"embeddable":true,"href":"https:\/\/www.leitbetrieb.com\/de\/wp-json\/wp\/v2\/media\/10646"}],"wp:attachment":[{"href":"https:\/\/www.leitbetrieb.com\/de\/wp-json\/wp\/v2\/media?parent=10645"}],"wp:term":[{"taxonomy":"category","embeddable":true,"href":"https:\/\/www.leitbetrieb.com\/de\/wp-json\/wp\/v2\/categories?post=10645"},{"taxonomy":"post_tag","embeddable":true,"href":"https:\/\/www.leitbetrieb.com\/de\/wp-json\/wp\/v2\/tags?post=10645"}],"curies":[{"name":"wp","href":"https:\/\/api.w.org\/{rel}","templated":true}]}}