{"id":11883,"date":"2023-07-11T09:00:37","date_gmt":"2023-07-11T07:00:37","guid":{"rendered":"https:\/\/www.leitbetrieb.com\/de\/sema-klima-und-lufttechnik-gmbh-spatenstich-in-bad-leonfelden\/"},"modified":"2023-07-11T09:04:58","modified_gmt":"2023-07-11T07:04:58","slug":"sema-klima-und-lufttechnik-gmbh-spatenstich-in-bad-leonfelden","status":"publish","type":"post","link":"https:\/\/www.leitbetrieb.com\/de\/sema-klima-und-lufttechnik-gmbh-spatenstich-in-bad-leonfelden\/","title":{"rendered":"SEMA Klima- und Lufttechnik GmbH | Spatenstich in Bad Leonfelden"},"content":{"rendered":"\t\t<div data-elementor-type=\"wp-post\" data-elementor-id=\"11883\" class=\"elementor elementor-11883\" data-elementor-post-type=\"post\">\n\t\t\t\t\t\t<section class=\"elementor-section elementor-top-section elementor-element elementor-element-5e3ba21e elementor-section-boxed elementor-section-height-default elementor-section-height-default\" data-id=\"5e3ba21e\" data-element_type=\"section\">\n\t\t\t\t\t\t<div class=\"elementor-container elementor-column-gap-default\">\n\t\t\t\t\t<div class=\"elementor-column elementor-col-100 elementor-top-column elementor-element elementor-element-38885dfb\" data-id=\"38885dfb\" data-element_type=\"column\">\n\t\t\t<div class=\"elementor-widget-wrap elementor-element-populated\">\n\t\t\t\t\t\t<div class=\"elementor-element elementor-element-1b31d095 elementor-widget elementor-widget-text-editor\" data-id=\"1b31d095\" data-element_type=\"widget\" data-widget_type=\"text-editor.default\">\n\t\t\t\t<div class=\"elementor-widget-container\">\n\t\t\t\t\t\t\t\t\t<p>LEITBETRIEB SEMA Klima- und Lufttechnik GmbH baut in Bad Leonfelden<\/p>\t\t\t\t\t\t\t\t<\/div>\n\t\t\t\t<\/div>\n\t\t\t\t<section class=\"elementor-section elementor-inner-section elementor-element elementor-element-398c741a elementor-section-boxed elementor-section-height-default elementor-section-height-default\" data-id=\"398c741a\" data-element_type=\"section\">\n\t\t\t\t\t\t<div class=\"elementor-container elementor-column-gap-default\">\n\t\t\t\t\t<div class=\"elementor-column elementor-col-100 elementor-inner-column elementor-element elementor-element-2414e0cb\" data-id=\"2414e0cb\" data-element_type=\"column\">\n\t\t\t<div class=\"elementor-widget-wrap elementor-element-populated\">\n\t\t\t\t\t\t<div class=\"elementor-element elementor-element-4f45eb1a elementor-widget elementor-widget-text-editor\" data-id=\"4f45eb1a\" data-element_type=\"widget\" data-widget_type=\"text-editor.default\">\n\t\t\t\t<div class=\"elementor-widget-container\">\n\t\t\t\t\t\t\t\t\t<p><strong>Eine Produktion am neuesten Stand der Technik, ein B\u00fcrogeb\u00e4ude und eine Lagerhalle: Das l\u00e4sst die Firma SEMA aktuell im INKOBA Sterngartl in Bad Leonfelden entstehen.<\/strong><\/p><p>Die Firma SEMA wird im Fr\u00fchjahr 2024 ihren neuen Standort in Betrieb nehmen. Die Entscheidung f\u00fcr Bad Leonfelden sei ganz bewusst gefallen, sagt Gesch\u00e4ftsf\u00fchrer Andreas Kreindl: <em>\u201eWir wollen die Arbeit zu den Leuten bringen, nicht umgekehrt. Wir schaffen Jobs hier in der Region, damit die Leute nicht mehr pendeln m\u00fcssen.\u201c<\/em><\/p><p><strong>Zuk\u00fcnftig auch Lehrstellen<\/strong><br \/>Profitieren werden davon vor allem die knapp 30 Mitarbeiter, die optimale Arbeitsbedingungen vorfinden werden und nicht mehr nach Linz m\u00fcssen. Das zus\u00e4tzliche B\u00fcro in der Stadt soll allerdings bleiben, damit die Techniker rasch auch in Linz vor Ort sind. Mittelfristig will man weitere Arbeitspl\u00e4tze schaffen. <strong><em>&#8222;Als Leitbetrieb setzen wir auch sehr darauf, unseren Nachwuchs auszubilden und unser Fachwissen weiterzugeben, daher werden wir auch einige Lehrstellen anbieten&#8220;<\/em><\/strong>, so Kreindl.<\/p><p><strong>Regionale Zusammenarbeit<\/strong><br \/>Bei der Vergabe der Auftr\u00e4ge setzt man auf Zusammenarbeit mit Betrieben aus der Region. Mit der Planung und Errichtung des neuen Standorts hat man mit Kapl Bau ein Unternehmen aus der k\u00fcnftigen Nachbarschaft beauftragt. <em>\u201eDas Gesamtkonzept war sehr stimmig und hat uns \u00fcberzeugt, weil schon in der Planung m\u00f6glichst effiziente Produktionsabl\u00e4ufe bedacht wurden\u201c<\/em>, sagt Kreindl.<\/p><p><strong>Optische Akzente<\/strong><br \/>Das zweigeschossige B\u00fcrogeb\u00e4ude wird in Massivbauweise aus Beton-Hohlw\u00e4nden errichtet, die sp\u00e4ter mit einer Holzfassade verkleidet werden. Die knapp 1.500 Quadratmeter gro\u00dfe Produktions- und Lagerhalle wird mit einer Fassade aus ged\u00e4mmten Sandwichpaneelen versehen. <em>\u201eDamit erf\u00fcllen wir hohe Anforderungen an Wirtschaftlichkeit und Langlebigkeit, k\u00f6nnen aber gleichzeitig optische Akzente setzen&#8220;<\/em>, sagt Bauleiter Alexander Pichler.<br \/>Auch in \u00f6kologischer Hinsicht liegt der Fokus auf nachhaltigen Ma\u00dfnahmen: <em>\u201eWir werden am Dach bzw. auf der Fassade eine leistungsstarke Photovoltaik-Anlage installieren. Mit der k\u00fcnftig ein gro\u00dfer Teil des Strombedarfs aus eigener umweltfreundlicher Produktion gedeckt wird. Der Umwelt- und Nachhaltigkeitsgedanke ist uns \u00e4u\u00dferst wichtig. Das haben wir in der Planung des neuen Geb\u00e4udes stark einflie\u00dfen lassen\u201c<\/em>, meint Kreindl.<\/p><p><strong>Ab April 2024 in Betrieb<\/strong><br \/>Bereits im April 2024 soll der Standort in Bad Leonfelden in Betrieb geht. Daher werden jetzt bereits schon Mitarbeiter gesucht.<\/p>\t\t\t\t\t\t\t\t<\/div>\n\t\t\t\t<\/div>\n\t\t\t\t\t<\/div>\n\t\t<\/div>\n\t\t\t\t\t<\/div>\n\t\t<\/section>\n\t\t\t\t<section class=\"elementor-section elementor-inner-section elementor-element elementor-element-2de6eaf4 elementor-section-boxed elementor-section-height-default elementor-section-height-default\" data-id=\"2de6eaf4\" data-element_type=\"section\">\n\t\t\t\t\t\t<div class=\"elementor-container elementor-column-gap-default\">\n\t\t\t\t\t<div class=\"elementor-column elementor-col-100 elementor-inner-column elementor-element elementor-element-1b3f044d\" data-id=\"1b3f044d\" data-element_type=\"column\">\n\t\t\t<div class=\"elementor-widget-wrap elementor-element-populated\">\n\t\t\t\t\t\t<div class=\"elementor-element elementor-element-62c347f6 elementor-widget elementor-widget-gallery\" data-id=\"62c347f6\" data-element_type=\"widget\" data-settings=\"{&quot;columns&quot;:5,&quot;lazyload&quot;:&quot;yes&quot;,&quot;gallery_layout&quot;:&quot;grid&quot;,&quot;columns_tablet&quot;:2,&quot;columns_mobile&quot;:1,&quot;gap&quot;:{&quot;unit&quot;:&quot;px&quot;,&quot;size&quot;:10,&quot;sizes&quot;:[]},&quot;gap_tablet&quot;:{&quot;unit&quot;:&quot;px&quot;,&quot;size&quot;:10,&quot;sizes&quot;:[]},&quot;gap_mobile&quot;:{&quot;unit&quot;:&quot;px&quot;,&quot;size&quot;:10,&quot;sizes&quot;:[]},&quot;link_to&quot;:&quot;file&quot;,&quot;aspect_ratio&quot;:&quot;3:2&quot;,&quot;overlay_background&quot;:&quot;yes&quot;,&quot;content_hover_animation&quot;:&quot;fade-in&quot;}\" data-widget_type=\"gallery.default\">\n\t\t\t\t<div class=\"elementor-widget-container\">\n\t\t\t\t\t\t\t<div class=\"elementor-gallery__container\">\n\t\t\t\t\t\t\t<a class=\"e-gallery-item elementor-gallery-item elementor-animated-content\" href=\"https:\/\/www.leitbetrieb.com\/de\/wp-content\/uploads\/sites\/5\/2023-07-11_SEMA_TB.jpg\" data-elementor-open-lightbox=\"yes\" data-elementor-lightbox-slideshow=\"62c347f6\" data-elementor-lightbox-title=\"SEMA Klima- und Lufttechnik GmbH - Spatenstich\" data-elementor-lightbox-description=\"Bildquelle: SEMA\" data-e-action-hash=\"#elementor-action%3Aaction%3Dlightbox%26settings%3DeyJpZCI6MTE4ODQsInVybCI6Imh0dHBzOlwvXC93d3cubGVpdGJldHJpZWIuY29tXC9kZVwvd3AtY29udGVudFwvdXBsb2Fkc1wvc2l0ZXNcLzVcLzIwMjMtMDctMTFfU0VNQV9UQi5qcGciLCJzbGlkZXNob3ciOiI2MmMzNDdmNiJ9\">\n\t\t\t\t\t<div class=\"e-gallery-image elementor-gallery-item__image\" data-thumbnail=\"https:\/\/www.leitbetrieb.com\/de\/wp-content\/uploads\/sites\/5\/2023-07-11_SEMA_TB.jpg\" data-width=\"850\" data-height=\"609\" aria-label=\"\" role=\"img\" ><\/div>\n\t\t\t\t\t\t\t\t\t\t\t<div class=\"elementor-gallery-item__overlay\"><\/div>\n\t\t\t\t\t\t\t\t\t\t\t\t\t\t<\/a>\n\t\t\t\t\t\t\t<a class=\"e-gallery-item elementor-gallery-item elementor-animated-content\" href=\"https:\/\/www.leitbetrieb.com\/de\/wp-content\/uploads\/sites\/5\/2023-07-11_SEMA_1.jpg\" data-elementor-open-lightbox=\"yes\" data-elementor-lightbox-slideshow=\"62c347f6\" data-elementor-lightbox-title=\"SEMA Klima- und Lufttechnik GmbH - Ansicht Neubau\" data-elementor-lightbox-description=\"Bildquelle: SEMA\" data-e-action-hash=\"#elementor-action%3Aaction%3Dlightbox%26settings%3DeyJpZCI6MTE4ODgsInVybCI6Imh0dHBzOlwvXC93d3cubGVpdGJldHJpZWIuY29tXC9kZVwvd3AtY29udGVudFwvdXBsb2Fkc1wvc2l0ZXNcLzVcLzIwMjMtMDctMTFfU0VNQV8xLmpwZyIsInNsaWRlc2hvdyI6IjYyYzM0N2Y2In0%3D\">\n\t\t\t\t\t<div class=\"e-gallery-image elementor-gallery-item__image\" data-thumbnail=\"https:\/\/www.leitbetrieb.com\/de\/wp-content\/uploads\/sites\/5\/2023-07-11_SEMA_1.jpg\" data-width=\"850\" data-height=\"402\" aria-label=\"\" role=\"img\" ><\/div>\n\t\t\t\t\t\t\t\t\t\t\t<div class=\"elementor-gallery-item__overlay\"><\/div>\n\t\t\t\t\t\t\t\t\t\t\t\t\t\t<\/a>\n\t\t\t\t\t<\/div>\n\t\t\t\t\t<\/div>\n\t\t\t\t<\/div>\n\t\t\t\t\t<\/div>\n\t\t<\/div>\n\t\t\t\t\t<\/div>\n\t\t<\/section>\n\t\t\t\t<section class=\"elementor-section elementor-inner-section elementor-element elementor-element-2954a9ea elementor-section-boxed elementor-section-height-default elementor-section-height-default\" data-id=\"2954a9ea\" data-element_type=\"section\" data-settings=\"{&quot;background_background&quot;:&quot;classic&quot;}\">\n\t\t\t\t\t\t<div class=\"elementor-container elementor-column-gap-default\">\n\t\t\t\t\t<div class=\"elementor-column elementor-col-50 elementor-inner-column elementor-element elementor-element-40ff90f7\" data-id=\"40ff90f7\" data-element_type=\"column\">\n\t\t\t<div class=\"elementor-widget-wrap elementor-element-populated\">\n\t\t\t\t\t\t<div class=\"elementor-element elementor-element-519263de elementor-align-center elementor-widget elementor-widget-button\" data-id=\"519263de\" data-element_type=\"widget\" data-widget_type=\"button.default\">\n\t\t\t\t<div class=\"elementor-widget-container\">\n\t\t\t\t\t\t\t\t\t<div class=\"elementor-button-wrapper\">\n\t\t\t\t\t<a class=\"elementor-button elementor-button-link elementor-size-sm elementor-animation-shrink\" href=\"https:\/\/www.leitbetrieb.com\/at\/leitbetrieb\/sema-klima-und-lufttechnik-gmbh\/\">\n\t\t\t\t\t\t<span class=\"elementor-button-content-wrapper\">\n\t\t\t\t\t\t\t\t\t<span class=\"elementor-button-text\">zum Firmenprofil<\/span>\n\t\t\t\t\t<\/span>\n\t\t\t\t\t<\/a>\n\t\t\t\t<\/div>\n\t\t\t\t\t\t\t\t<\/div>\n\t\t\t\t<\/div>\n\t\t\t\t\t<\/div>\n\t\t<\/div>\n\t\t\t\t<div class=\"elementor-column elementor-col-50 elementor-inner-column elementor-element elementor-element-37753f0\" data-id=\"37753f0\" data-element_type=\"column\">\n\t\t\t<div class=\"elementor-widget-wrap elementor-element-populated\">\n\t\t\t\t\t\t<div class=\"elementor-element elementor-element-df05403 elementor-align-center elementor-widget elementor-widget-button\" data-id=\"df05403\" data-element_type=\"widget\" data-widget_type=\"button.default\">\n\t\t\t\t<div class=\"elementor-widget-container\">\n\t\t\t\t\t\t\t\t\t<div class=\"elementor-button-wrapper\">\n\t\t\t\t\t<a class=\"elementor-button elementor-button-link elementor-size-sm elementor-animation-shrink\" href=\"https:\/\/www.meinbezirk.at\/urfahr-umgebung\/c-wirtschaft\/sema-klima-und-lueftungstechnik-baut-in-bad-leonfelden_a6150718\" target=\"_blank\">\n\t\t\t\t\t\t<span class=\"elementor-button-content-wrapper\">\n\t\t\t\t\t\t\t\t\t<span class=\"elementor-button-text\">zum Beitrag<\/span>\n\t\t\t\t\t<\/span>\n\t\t\t\t\t<\/a>\n\t\t\t\t<\/div>\n\t\t\t\t\t\t\t\t<\/div>\n\t\t\t\t<\/div>\n\t\t\t\t\t<\/div>\n\t\t<\/div>\n\t\t\t\t\t<\/div>\n\t\t<\/section>\n\t\t\t\t\t<\/div>\n\t\t<\/div>\n\t\t\t\t\t<\/div>\n\t\t<\/section>\n\t\t\t\t<\/div>\n\t\t","protected":false},"excerpt":{"rendered":"<p>SEMA Klima- und Lufttechnik GmbH | Eine Produktion am neuesten Stand der Technik, ein B\u00fcrogeb\u00e4ude und eine Lagerhalle: Das l\u00e4sst die Firma SEMA aktuell im INKOBA Sterngartl in Bad Leonfelden (O\u00d6) entstehen. Bereits im April 2024 soll der Standort in Bad Leonfelden in Betrieb gehen. Daher werden jetzt bereits schon Mitarbeiter gesucht. Erfahren Sie hier mehr!<\/p>\n","protected":false},"author":1,"featured_media":11884,"comment_status":"closed","ping_status":"closed","sticky":false,"template":"","format":"standard","meta":{"site-sidebar-layout":"default","site-content-layout":"default","ast-site-content-layout":"default","site-content-style":"default","site-sidebar-style":"default","ast-global-header-display":"","ast-banner-title-visibility":"","ast-main-header-display":"","ast-hfb-above-header-display":"","ast-hfb-below-header-display":"","ast-hfb-mobile-header-display":"","site-post-title":"","ast-breadcrumbs-content":"","ast-featured-img":"","footer-sml-layout":"","ast-disable-related-posts":"","theme-transparent-header-meta":"default","adv-header-id-meta":"","stick-header-meta":"","header-above-stick-meta":"","header-main-stick-meta":"","header-below-stick-meta":"","astra-migrate-meta-layouts":"default","ast-page-background-enabled":"default","ast-page-background-meta":{"desktop":{"background-color":"var(--ast-global-color-4)","background-image":"","background-repeat":"repeat","background-position":"center center","background-size":"auto","background-attachment":"scroll","background-type":"","background-media":"","overlay-type":"","overlay-color":"","overlay-opacity":"","overlay-gradient":""},"tablet":{"background-color":"","background-image":"","background-repeat":"repeat","background-position":"center center","background-size":"auto","background-attachment":"scroll","background-type":"","background-media":"","overlay-type":"","overlay-color":"","overlay-opacity":"","overlay-gradient":""},"mobile":{"background-color":"","background-image":"","background-repeat":"repeat","background-position":"center center","background-size":"auto","background-attachment":"scroll","background-type":"","background-media":"","overlay-type":"","overlay-color":"","overlay-opacity":"","overlay-gradient":""}},"ast-content-background-meta":{"desktop":{"background-color":"var(--ast-global-color-5)","background-image":"","background-repeat":"repeat","background-position":"center center","background-size":"auto","background-attachment":"scroll","background-type":"","background-media":"","overlay-type":"","overlay-color":"","overlay-opacity":"","overlay-gradient":""},"tablet":{"background-color":"var(--ast-global-color-5)","background-image":"","background-repeat":"repeat","background-position":"center center","background-size":"auto","background-attachment":"scroll","background-type":"","background-media":"","overlay-type":"","overlay-color":"","overlay-opacity":"","overlay-gradient":""},"mobile":{"background-color":"var(--ast-global-color-5)","background-image":"","background-repeat":"repeat","background-position":"center center","background-size":"auto","background-attachment":"scroll","background-type":"","background-media":"","overlay-type":"","overlay-color":"","overlay-opacity":"","overlay-gradient":""}},"footnotes":"","_links_to":"","_links_to_target":""},"categories":[341],"tags":[694,974,354,489,975,976,977],"class_list":["post-11883","post","type-post","status-publish","format-standard","has-post-thumbnail","hentry","category-news","tag-arbeitgeber","tag-klimatechnik","tag-leitbetrieb","tag-lufttechnik","tag-neubau","tag-sema","tag-spatenstich"],"yoast_head":"<!-- This site is optimized with the Yoast SEO plugin v26.7 - https:\/\/yoast.com\/wordpress\/plugins\/seo\/ -->\n<title>SEMA Klima- und Lufttechnik GmbH | Spatenstich in Bad Leonfelden, O\u00d6<\/title>\n<meta name=\"description\" content=\"SEMA Klima- und Lufttechnik GmbH | Spatenstich in Bad Leonfelden, O\u00d6, Neubau, Spatenstich, INKOBA Sterngartl, Zusammenarbeit, Lehrstellen\" \/>\n<meta name=\"robots\" content=\"index, follow, max-snippet:-1, max-image-preview:large, max-video-preview:-1\" \/>\n<link rel=\"canonical\" href=\"https:\/\/www.leitbetrieb.com\/de\/sema-klima-und-lufttechnik-gmbh-spatenstich-in-bad-leonfelden\/\" \/>\n<meta property=\"og:locale\" content=\"de_DE\" \/>\n<meta property=\"og:type\" content=\"article\" \/>\n<meta property=\"og:title\" content=\"SEMA Klima- und Lufttechnik GmbH | Spatenstich in Bad Leonfelden, O\u00d6\" \/>\n<meta property=\"og:description\" content=\"SEMA Klima- und Lufttechnik GmbH | Spatenstich in Bad Leonfelden, O\u00d6, Neubau, Spatenstich, INKOBA Sterngartl, Zusammenarbeit, Lehrstellen\" \/>\n<meta property=\"og:url\" content=\"https:\/\/www.leitbetrieb.com\/de\/sema-klima-und-lufttechnik-gmbh-spatenstich-in-bad-leonfelden\/\" \/>\n<meta property=\"og:site_name\" content=\"Leitbetrieb DE\" \/>\n<meta property=\"article:published_time\" content=\"2023-07-11T07:00:37+00:00\" \/>\n<meta property=\"article:modified_time\" content=\"2023-07-11T07:04:58+00:00\" \/>\n<meta property=\"og:image\" content=\"https:\/\/www.leitbetrieb.com\/de\/wp-content\/uploads\/sites\/5\/2023-07-11_SEMA_TB.jpg\" \/>\n\t<meta property=\"og:image:width\" content=\"850\" \/>\n\t<meta property=\"og:image:height\" content=\"609\" \/>\n\t<meta property=\"og:image:type\" content=\"image\/jpeg\" \/>\n<meta name=\"author\" content=\"p584314\" \/>\n<meta name=\"twitter:card\" content=\"summary_large_image\" \/>\n<meta name=\"twitter:label1\" content=\"Verfasst von\" \/>\n\t<meta name=\"twitter:data1\" content=\"p584314\" \/>\n\t<meta name=\"twitter:label2\" content=\"Gesch\u00e4tzte Lesezeit\" \/>\n\t<meta name=\"twitter:data2\" content=\"2\u00a0Minuten\" \/>\n<script type=\"application\/ld+json\" class=\"yoast-schema-graph\">{\"@context\":\"https:\/\/schema.org\",\"@graph\":[{\"@type\":\"Article\",\"@id\":\"https:\/\/www.leitbetrieb.com\/de\/sema-klima-und-lufttechnik-gmbh-spatenstich-in-bad-leonfelden\/#article\",\"isPartOf\":{\"@id\":\"https:\/\/www.leitbetrieb.com\/de\/sema-klima-und-lufttechnik-gmbh-spatenstich-in-bad-leonfelden\/\"},\"author\":{\"name\":\"p584314\",\"@id\":\"https:\/\/www.leitbetrieb.com\/de\/#\/schema\/person\/164d90036db862489d0582d89949542f\"},\"headline\":\"SEMA Klima- und Lufttechnik GmbH | Spatenstich in Bad Leonfelden\",\"datePublished\":\"2023-07-11T07:00:37+00:00\",\"dateModified\":\"2023-07-11T07:04:58+00:00\",\"mainEntityOfPage\":{\"@id\":\"https:\/\/www.leitbetrieb.com\/de\/sema-klima-und-lufttechnik-gmbh-spatenstich-in-bad-leonfelden\/\"},\"wordCount\":388,\"image\":{\"@id\":\"https:\/\/www.leitbetrieb.com\/de\/sema-klima-und-lufttechnik-gmbh-spatenstich-in-bad-leonfelden\/#primaryimage\"},\"thumbnailUrl\":\"https:\/\/www.leitbetrieb.com\/de\/wp-content\/uploads\/sites\/5\/2023-07-11_SEMA_TB.jpg\",\"keywords\":[\"Arbeitgeber\",\"Klimatechnik\",\"Leitbetrieb\",\"Lufttechnik\",\"Neubau\",\"SEMA\",\"Spatenstich\"],\"articleSection\":[\"News\"],\"inLanguage\":\"de\"},{\"@type\":\"WebPage\",\"@id\":\"https:\/\/www.leitbetrieb.com\/de\/sema-klima-und-lufttechnik-gmbh-spatenstich-in-bad-leonfelden\/\",\"url\":\"https:\/\/www.leitbetrieb.com\/de\/sema-klima-und-lufttechnik-gmbh-spatenstich-in-bad-leonfelden\/\",\"name\":\"SEMA Klima- und Lufttechnik GmbH | Spatenstich in Bad Leonfelden, O\u00d6\",\"isPartOf\":{\"@id\":\"https:\/\/www.leitbetrieb.com\/de\/#website\"},\"primaryImageOfPage\":{\"@id\":\"https:\/\/www.leitbetrieb.com\/de\/sema-klima-und-lufttechnik-gmbh-spatenstich-in-bad-leonfelden\/#primaryimage\"},\"image\":{\"@id\":\"https:\/\/www.leitbetrieb.com\/de\/sema-klima-und-lufttechnik-gmbh-spatenstich-in-bad-leonfelden\/#primaryimage\"},\"thumbnailUrl\":\"https:\/\/www.leitbetrieb.com\/de\/wp-content\/uploads\/sites\/5\/2023-07-11_SEMA_TB.jpg\",\"datePublished\":\"2023-07-11T07:00:37+00:00\",\"dateModified\":\"2023-07-11T07:04:58+00:00\",\"author\":{\"@id\":\"https:\/\/www.leitbetrieb.com\/de\/#\/schema\/person\/164d90036db862489d0582d89949542f\"},\"description\":\"SEMA Klima- und Lufttechnik GmbH | Spatenstich in Bad Leonfelden, O\u00d6, Neubau, Spatenstich, INKOBA Sterngartl, Zusammenarbeit, Lehrstellen\",\"breadcrumb\":{\"@id\":\"https:\/\/www.leitbetrieb.com\/de\/sema-klima-und-lufttechnik-gmbh-spatenstich-in-bad-leonfelden\/#breadcrumb\"},\"inLanguage\":\"de\",\"potentialAction\":[{\"@type\":\"ReadAction\",\"target\":[\"https:\/\/www.leitbetrieb.com\/de\/sema-klima-und-lufttechnik-gmbh-spatenstich-in-bad-leonfelden\/\"]}]},{\"@type\":\"ImageObject\",\"inLanguage\":\"de\",\"@id\":\"https:\/\/www.leitbetrieb.com\/de\/sema-klima-und-lufttechnik-gmbh-spatenstich-in-bad-leonfelden\/#primaryimage\",\"url\":\"https:\/\/www.leitbetrieb.com\/de\/wp-content\/uploads\/sites\/5\/2023-07-11_SEMA_TB.jpg\",\"contentUrl\":\"https:\/\/www.leitbetrieb.com\/de\/wp-content\/uploads\/sites\/5\/2023-07-11_SEMA_TB.jpg\",\"width\":850,\"height\":609},{\"@type\":\"BreadcrumbList\",\"@id\":\"https:\/\/www.leitbetrieb.com\/de\/sema-klima-und-lufttechnik-gmbh-spatenstich-in-bad-leonfelden\/#breadcrumb\",\"itemListElement\":[{\"@type\":\"ListItem\",\"position\":1,\"name\":\"Startseite\",\"item\":\"https:\/\/www.leitbetrieb.com\/de\/\"},{\"@type\":\"ListItem\",\"position\":2,\"name\":\"SEMA Klima- und Lufttechnik GmbH | Spatenstich in Bad Leonfelden\"}]},{\"@type\":\"WebSite\",\"@id\":\"https:\/\/www.leitbetrieb.com\/de\/#website\",\"url\":\"https:\/\/www.leitbetrieb.com\/de\/\",\"name\":\"Leitbetrieb DE\",\"description\":\"Leitbetrieb \u00d6sterreich - Leitbetrieb Deutschland\",\"potentialAction\":[{\"@type\":\"SearchAction\",\"target\":{\"@type\":\"EntryPoint\",\"urlTemplate\":\"https:\/\/www.leitbetrieb.com\/de\/?s={search_term_string}\"},\"query-input\":{\"@type\":\"PropertyValueSpecification\",\"valueRequired\":true,\"valueName\":\"search_term_string\"}}],\"inLanguage\":\"de\"},{\"@type\":\"Person\",\"@id\":\"https:\/\/www.leitbetrieb.com\/de\/#\/schema\/person\/164d90036db862489d0582d89949542f\",\"name\":\"p584314\"}]}<\/script>\n<!-- \/ Yoast SEO plugin. -->","yoast_head_json":{"title":"SEMA Klima- und Lufttechnik GmbH | Spatenstich in Bad Leonfelden, O\u00d6","description":"SEMA Klima- und Lufttechnik GmbH | Spatenstich in Bad Leonfelden, O\u00d6, Neubau, Spatenstich, INKOBA Sterngartl, Zusammenarbeit, Lehrstellen","robots":{"index":"index","follow":"follow","max-snippet":"max-snippet:-1","max-image-preview":"max-image-preview:large","max-video-preview":"max-video-preview:-1"},"canonical":"https:\/\/www.leitbetrieb.com\/de\/sema-klima-und-lufttechnik-gmbh-spatenstich-in-bad-leonfelden\/","og_locale":"de_DE","og_type":"article","og_title":"SEMA Klima- und Lufttechnik GmbH | Spatenstich in Bad Leonfelden, O\u00d6","og_description":"SEMA Klima- und Lufttechnik GmbH | Spatenstich in Bad Leonfelden, O\u00d6, Neubau, Spatenstich, INKOBA Sterngartl, Zusammenarbeit, Lehrstellen","og_url":"https:\/\/www.leitbetrieb.com\/de\/sema-klima-und-lufttechnik-gmbh-spatenstich-in-bad-leonfelden\/","og_site_name":"Leitbetrieb DE","article_published_time":"2023-07-11T07:00:37+00:00","article_modified_time":"2023-07-11T07:04:58+00:00","og_image":[{"width":850,"height":609,"url":"https:\/\/www.leitbetrieb.com\/de\/wp-content\/uploads\/sites\/5\/2023-07-11_SEMA_TB.jpg","type":"image\/jpeg"}],"author":"p584314","twitter_card":"summary_large_image","twitter_misc":{"Verfasst von":"p584314","Gesch\u00e4tzte Lesezeit":"2\u00a0Minuten"},"schema":{"@context":"https:\/\/schema.org","@graph":[{"@type":"Article","@id":"https:\/\/www.leitbetrieb.com\/de\/sema-klima-und-lufttechnik-gmbh-spatenstich-in-bad-leonfelden\/#article","isPartOf":{"@id":"https:\/\/www.leitbetrieb.com\/de\/sema-klima-und-lufttechnik-gmbh-spatenstich-in-bad-leonfelden\/"},"author":{"name":"p584314","@id":"https:\/\/www.leitbetrieb.com\/de\/#\/schema\/person\/164d90036db862489d0582d89949542f"},"headline":"SEMA Klima- und Lufttechnik GmbH | Spatenstich in Bad Leonfelden","datePublished":"2023-07-11T07:00:37+00:00","dateModified":"2023-07-11T07:04:58+00:00","mainEntityOfPage":{"@id":"https:\/\/www.leitbetrieb.com\/de\/sema-klima-und-lufttechnik-gmbh-spatenstich-in-bad-leonfelden\/"},"wordCount":388,"image":{"@id":"https:\/\/www.leitbetrieb.com\/de\/sema-klima-und-lufttechnik-gmbh-spatenstich-in-bad-leonfelden\/#primaryimage"},"thumbnailUrl":"https:\/\/www.leitbetrieb.com\/de\/wp-content\/uploads\/sites\/5\/2023-07-11_SEMA_TB.jpg","keywords":["Arbeitgeber","Klimatechnik","Leitbetrieb","Lufttechnik","Neubau","SEMA","Spatenstich"],"articleSection":["News"],"inLanguage":"de"},{"@type":"WebPage","@id":"https:\/\/www.leitbetrieb.com\/de\/sema-klima-und-lufttechnik-gmbh-spatenstich-in-bad-leonfelden\/","url":"https:\/\/www.leitbetrieb.com\/de\/sema-klima-und-lufttechnik-gmbh-spatenstich-in-bad-leonfelden\/","name":"SEMA Klima- und Lufttechnik GmbH | Spatenstich in Bad Leonfelden, O\u00d6","isPartOf":{"@id":"https:\/\/www.leitbetrieb.com\/de\/#website"},"primaryImageOfPage":{"@id":"https:\/\/www.leitbetrieb.com\/de\/sema-klima-und-lufttechnik-gmbh-spatenstich-in-bad-leonfelden\/#primaryimage"},"image":{"@id":"https:\/\/www.leitbetrieb.com\/de\/sema-klima-und-lufttechnik-gmbh-spatenstich-in-bad-leonfelden\/#primaryimage"},"thumbnailUrl":"https:\/\/www.leitbetrieb.com\/de\/wp-content\/uploads\/sites\/5\/2023-07-11_SEMA_TB.jpg","datePublished":"2023-07-11T07:00:37+00:00","dateModified":"2023-07-11T07:04:58+00:00","author":{"@id":"https:\/\/www.leitbetrieb.com\/de\/#\/schema\/person\/164d90036db862489d0582d89949542f"},"description":"SEMA Klima- und Lufttechnik GmbH | Spatenstich in Bad Leonfelden, O\u00d6, Neubau, Spatenstich, INKOBA Sterngartl, Zusammenarbeit, Lehrstellen","breadcrumb":{"@id":"https:\/\/www.leitbetrieb.com\/de\/sema-klima-und-lufttechnik-gmbh-spatenstich-in-bad-leonfelden\/#breadcrumb"},"inLanguage":"de","potentialAction":[{"@type":"ReadAction","target":["https:\/\/www.leitbetrieb.com\/de\/sema-klima-und-lufttechnik-gmbh-spatenstich-in-bad-leonfelden\/"]}]},{"@type":"ImageObject","inLanguage":"de","@id":"https:\/\/www.leitbetrieb.com\/de\/sema-klima-und-lufttechnik-gmbh-spatenstich-in-bad-leonfelden\/#primaryimage","url":"https:\/\/www.leitbetrieb.com\/de\/wp-content\/uploads\/sites\/5\/2023-07-11_SEMA_TB.jpg","contentUrl":"https:\/\/www.leitbetrieb.com\/de\/wp-content\/uploads\/sites\/5\/2023-07-11_SEMA_TB.jpg","width":850,"height":609},{"@type":"BreadcrumbList","@id":"https:\/\/www.leitbetrieb.com\/de\/sema-klima-und-lufttechnik-gmbh-spatenstich-in-bad-leonfelden\/#breadcrumb","itemListElement":[{"@type":"ListItem","position":1,"name":"Startseite","item":"https:\/\/www.leitbetrieb.com\/de\/"},{"@type":"ListItem","position":2,"name":"SEMA Klima- und Lufttechnik GmbH | Spatenstich in Bad Leonfelden"}]},{"@type":"WebSite","@id":"https:\/\/www.leitbetrieb.com\/de\/#website","url":"https:\/\/www.leitbetrieb.com\/de\/","name":"Leitbetrieb DE","description":"Leitbetrieb \u00d6sterreich - Leitbetrieb Deutschland","potentialAction":[{"@type":"SearchAction","target":{"@type":"EntryPoint","urlTemplate":"https:\/\/www.leitbetrieb.com\/de\/?s={search_term_string}"},"query-input":{"@type":"PropertyValueSpecification","valueRequired":true,"valueName":"search_term_string"}}],"inLanguage":"de"},{"@type":"Person","@id":"https:\/\/www.leitbetrieb.com\/de\/#\/schema\/person\/164d90036db862489d0582d89949542f","name":"p584314"}]}},"_links":{"self":[{"href":"https:\/\/www.leitbetrieb.com\/de\/wp-json\/wp\/v2\/posts\/11883","targetHints":{"allow":["GET"]}}],"collection":[{"href":"https:\/\/www.leitbetrieb.com\/de\/wp-json\/wp\/v2\/posts"}],"about":[{"href":"https:\/\/www.leitbetrieb.com\/de\/wp-json\/wp\/v2\/types\/post"}],"author":[{"embeddable":true,"href":"https:\/\/www.leitbetrieb.com\/de\/wp-json\/wp\/v2\/users\/1"}],"replies":[{"embeddable":true,"href":"https:\/\/www.leitbetrieb.com\/de\/wp-json\/wp\/v2\/comments?post=11883"}],"version-history":[{"count":6,"href":"https:\/\/www.leitbetrieb.com\/de\/wp-json\/wp\/v2\/posts\/11883\/revisions"}],"predecessor-version":[{"id":11891,"href":"https:\/\/www.leitbetrieb.com\/de\/wp-json\/wp\/v2\/posts\/11883\/revisions\/11891"}],"wp:featuredmedia":[{"embeddable":true,"href":"https:\/\/www.leitbetrieb.com\/de\/wp-json\/wp\/v2\/media\/11884"}],"wp:attachment":[{"href":"https:\/\/www.leitbetrieb.com\/de\/wp-json\/wp\/v2\/media?parent=11883"}],"wp:term":[{"taxonomy":"category","embeddable":true,"href":"https:\/\/www.leitbetrieb.com\/de\/wp-json\/wp\/v2\/categories?post=11883"},{"taxonomy":"post_tag","embeddable":true,"href":"https:\/\/www.leitbetrieb.com\/de\/wp-json\/wp\/v2\/tags?post=11883"}],"curies":[{"name":"wp","href":"https:\/\/api.w.org\/{rel}","templated":true}]}}