{"id":12256,"date":"2023-11-14T10:59:45","date_gmt":"2023-11-14T09:59:45","guid":{"rendered":"https:\/\/www.leitbetrieb.com\/de\/stern-hafferl-verkehrsgesellschaft-m-b-h-neues-geschaeftsfuehrerteam\/"},"modified":"2023-11-14T11:03:48","modified_gmt":"2023-11-14T10:03:48","slug":"stern-hafferl-verkehrsgesellschaft-m-b-h-neues-geschaeftsfuehrerteam","status":"publish","type":"post","link":"https:\/\/www.leitbetrieb.com\/de\/stern-hafferl-verkehrsgesellschaft-m-b-h-neues-geschaeftsfuehrerteam\/","title":{"rendered":"Stern &#038; Hafferl Verkehrsgesellschaft m.b.H. | Neues Gesch\u00e4ftsf\u00fchrerteam"},"content":{"rendered":"\t\t<div data-elementor-type=\"wp-post\" data-elementor-id=\"12256\" class=\"elementor elementor-12256\" data-elementor-post-type=\"post\">\n\t\t\t\t\t\t<section class=\"elementor-section elementor-top-section elementor-element elementor-element-7941f164 elementor-section-boxed elementor-section-height-default elementor-section-height-default\" data-id=\"7941f164\" data-element_type=\"section\">\n\t\t\t\t\t\t<div class=\"elementor-container elementor-column-gap-default\">\n\t\t\t\t\t<div class=\"elementor-column elementor-col-100 elementor-top-column elementor-element elementor-element-65e6233a\" data-id=\"65e6233a\" data-element_type=\"column\">\n\t\t\t<div class=\"elementor-widget-wrap elementor-element-populated\">\n\t\t\t\t\t\t<div class=\"elementor-element elementor-element-1a7ba8a8 elementor-widget elementor-widget-text-editor\" data-id=\"1a7ba8a8\" data-element_type=\"widget\" data-widget_type=\"text-editor.default\">\n\t\t\t\t<div class=\"elementor-widget-container\">\n\t\t\t\t\t\t\t\t\t<p>LEITBETRIEB Stern &amp; Hafferl Verkehrsgesellschaft m.b.H.<br \/>pr\u00e4sentiert neues Gesch\u00e4ftsf\u00fchrerteam<\/p>\t\t\t\t\t\t\t\t<\/div>\n\t\t\t\t<\/div>\n\t\t\t\t<section class=\"elementor-section elementor-inner-section elementor-element elementor-element-27814343 elementor-section-boxed elementor-section-height-default elementor-section-height-default\" data-id=\"27814343\" data-element_type=\"section\">\n\t\t\t\t\t\t<div class=\"elementor-container elementor-column-gap-default\">\n\t\t\t\t\t<div class=\"elementor-column elementor-col-100 elementor-inner-column elementor-element elementor-element-119db5d8\" data-id=\"119db5d8\" data-element_type=\"column\">\n\t\t\t<div class=\"elementor-widget-wrap elementor-element-populated\">\n\t\t\t\t\t\t<div class=\"elementor-element elementor-element-54f70436 elementor-widget elementor-widget-text-editor\" data-id=\"54f70436\" data-element_type=\"widget\" data-widget_type=\"text-editor.default\">\n\t\t\t\t<div class=\"elementor-widget-container\">\n\t\t\t\t\t\t\t\t\t<p><strong>Die Stern &amp; Hafferl Verkehrsgesellschaft hat neues Gesch\u00e4ftsf\u00fchrungsteam. Die Unternehmensspitze wurde vervollst\u00e4ndigt: G\u00fcnter Neumann, Christoph D\u00f6derlein und Manfred Schmalzer stehen an der Spitze des erfolgreichen Verkehrsunternehmens.<\/strong><\/p><p>Die Stern &amp; Hafferl Verkehrsgesellschaft geht mit einer erweiterten Gesch\u00e4ftsf\u00fchrung in die Zukunft. Es ist das erkl\u00e4rte Ziel, durch die zus\u00e4tzliche Expertise und Erfahrung gut f\u00fcr die Zukunft aufgestellt zu sein. Bereits im September wurde Christoph D\u00f6derlein zum Gesch\u00e4ftsf\u00fchrer bestellt, mit November komplettiert Manfred Schmalzer als Finanzexperte das Gesch\u00e4ftsf\u00fchrertrio rund um den langj\u00e4hrigen Gesch\u00e4ftsf\u00fchrer G\u00fcnter Neumann als Sprecher. Mobilit\u00e4t und \u00f6ffentlicher Verkehr sind zentrale Themen der Gegenwart, der Verkehrsbetrieb ist mit seinen umweltfreundlichen Personen- und G\u00fcterverkehren am Puls der Zeit. Die Stern &amp; Hafferl Verkehrsgesellschaft ist Teil der Stern-Gruppe, die gerade ihr 140-j\u00e4hriges Bestehen gefeiert hat und in den Bereichen Verkehr, Schifffahrt, Bau, Geb\u00e4ude- und Elektrotechnik und Betonfertigeilen t\u00e4tig ist.<\/p><p><strong>Beeindruckende Erfolgsgeschichte<\/strong><br \/>Der Verkehr ist der gr\u00f6\u00dfte Bereich der Unternehmensgruppe und hat in den vergangenen Jahren eine beeindruckende Erfolgsgeschichte geschrieben: Das Unternehmen hat erfolgreich in neue Gesch\u00e4ftsfelder expandiert, die Fahrgastzahlen steigen kontinuierlich an und es gibt zahlreiche, vielversprechende Pl\u00e4ne. Angesichts dieser erfolgreichen Entwicklung ist es notwendig, sich auch breiter f\u00fcr die Zukunft aufzustellen. <em>\u201eWir sind bereit, als starkes Trio mit breit gef\u00e4cherter Expertise voll durchzustarten und stellen uns der Aufgabe mit Freude und Weitblick, aber auch mit der n\u00f6tigen Portion Respekt\u201c<\/em>, sagt Neumann. D\u00f6derlein, langj\u00e4hriger leitender Prokurist, hat mit September die Gesch\u00e4ftsf\u00fchrung an der Seite von Neumann \u00fcbernommen. Mit seinem Fachwissen, Engagement und Weitblick wird er den Verkehrsbetrieb weiter voranbringen. CFO und Prokurist der Stern Holding, Schmalzer, komplettiert ab sofort als kaufm\u00e4nnischer Gesch\u00e4ftsf\u00fchrer das Team. Als Finanzexperte erg\u00e4nzt er das Gesch\u00e4ftsf\u00fchrungsteam um Neumann optimal.<\/p><p><strong>&#8222;Modernes Mobilit\u00e4tsunternehmen&#8220;<\/strong><br \/>In der Stern &amp; Hafferl Kraftfahrlinien GmbH, als Tochtergesellschaft der Verkehrsgesellschaft, gibt es ebenfalls wichtige Ver\u00e4nderungen: Manfred Schmalzer wird auch hier Gesch\u00e4ftsf\u00fchrer und leitet das Unternehmen k\u00fcnftig gemeinsam mit G\u00fcnter Neumann. Wolfgang Hitzl, Leiter des Busverkehrs, erg\u00e4nzt ab sofort die Gesch\u00e4ftsleitung als Prokurist. Die Kraftfahrlinien bef\u00f6rdern j\u00e4hrlich etwa 1,4 Millionen Fahrg\u00e4ste auf ihren Linien und sind ein ma\u00dfgeblicher Teil des Verkehrsbetriebes. Der CEO der Stern-Gruppe, Karl Neumann, sieht das neue Gesch\u00e4ftsf\u00fchrungsteam um G\u00fcnter Neumann als einen wichtigen Schritt in die Zukunft: <em>\u201eDie Stern &amp; Hafferl Verkehrsgesellschaft ist ein entscheidendes Standbein der Stern-Gruppe und pr\u00e4sentiert sich heute als modernes und erfolgreiches Mobilit\u00e4tsunternehmen. Mit der Erweiterung der Gesch\u00e4ftsf\u00fchrung stellen wir uns bestm\u00f6glich f\u00fcr die Zukunft auf. Ich w\u00fcnsche dem Gesch\u00e4ftsf\u00fchrungsteam alles Gute und freue mich auf die Zusammenarbeit.\u201c<\/em><\/p>\t\t\t\t\t\t\t\t<\/div>\n\t\t\t\t<\/div>\n\t\t\t\t\t<\/div>\n\t\t<\/div>\n\t\t\t\t\t<\/div>\n\t\t<\/section>\n\t\t\t\t<section class=\"elementor-section elementor-inner-section elementor-element elementor-element-287eafea elementor-section-boxed elementor-section-height-default elementor-section-height-default\" data-id=\"287eafea\" data-element_type=\"section\">\n\t\t\t\t\t\t<div class=\"elementor-container elementor-column-gap-default\">\n\t\t\t\t\t<div class=\"elementor-column elementor-col-100 elementor-inner-column elementor-element elementor-element-46c590ea\" data-id=\"46c590ea\" data-element_type=\"column\">\n\t\t\t<div class=\"elementor-widget-wrap elementor-element-populated\">\n\t\t\t\t\t\t<div class=\"elementor-element elementor-element-76845ba0 elementor-widget elementor-widget-gallery\" data-id=\"76845ba0\" data-element_type=\"widget\" data-settings=\"{&quot;columns&quot;:5,&quot;lazyload&quot;:&quot;yes&quot;,&quot;gallery_layout&quot;:&quot;grid&quot;,&quot;columns_tablet&quot;:2,&quot;columns_mobile&quot;:1,&quot;gap&quot;:{&quot;unit&quot;:&quot;px&quot;,&quot;size&quot;:10,&quot;sizes&quot;:[]},&quot;gap_tablet&quot;:{&quot;unit&quot;:&quot;px&quot;,&quot;size&quot;:10,&quot;sizes&quot;:[]},&quot;gap_mobile&quot;:{&quot;unit&quot;:&quot;px&quot;,&quot;size&quot;:10,&quot;sizes&quot;:[]},&quot;link_to&quot;:&quot;file&quot;,&quot;aspect_ratio&quot;:&quot;3:2&quot;,&quot;overlay_background&quot;:&quot;yes&quot;,&quot;content_hover_animation&quot;:&quot;fade-in&quot;}\" data-widget_type=\"gallery.default\">\n\t\t\t\t<div class=\"elementor-widget-container\">\n\t\t\t\t\t\t\t<div class=\"elementor-gallery__container\">\n\t\t\t\t\t\t\t<a class=\"e-gallery-item elementor-gallery-item elementor-animated-content\" href=\"https:\/\/www.leitbetrieb.com\/de\/wp-content\/uploads\/sites\/5\/2023-11-14_Stern-Hafferl-Verkehr_TB.jpg\" data-elementor-open-lightbox=\"yes\" data-elementor-lightbox-slideshow=\"76845ba0\" data-elementor-lightbox-title=\"Stern &amp; Hafferl Verkehrsgesellschaft m.b.H. - Christoph D\u00f6derlein, G\u00fcnter Neumann, Manfred Schmalzer\" data-elementor-lightbox-description=\"Bildquelle: Stern &amp; Hafferl Verkehr\" data-e-action-hash=\"#elementor-action%3Aaction%3Dlightbox%26settings%3DeyJpZCI6MTIyNTcsInVybCI6Imh0dHBzOlwvXC93d3cubGVpdGJldHJpZWIuY29tXC9kZVwvd3AtY29udGVudFwvdXBsb2Fkc1wvc2l0ZXNcLzVcLzIwMjMtMTEtMTRfU3Rlcm4tSGFmZmVybC1WZXJrZWhyX1RCLmpwZyIsInNsaWRlc2hvdyI6Ijc2ODQ1YmEwIn0%3D\">\n\t\t\t\t\t<div class=\"e-gallery-image elementor-gallery-item__image\" data-thumbnail=\"https:\/\/www.leitbetrieb.com\/de\/wp-content\/uploads\/sites\/5\/2023-11-14_Stern-Hafferl-Verkehr_TB.jpg\" data-width=\"850\" data-height=\"609\" aria-label=\"\" role=\"img\" ><\/div>\n\t\t\t\t\t\t\t\t\t\t\t<div class=\"elementor-gallery-item__overlay\"><\/div>\n\t\t\t\t\t\t\t\t\t\t\t\t\t\t<\/a>\n\t\t\t\t\t<\/div>\n\t\t\t\t\t<\/div>\n\t\t\t\t<\/div>\n\t\t\t\t\t<\/div>\n\t\t<\/div>\n\t\t\t\t\t<\/div>\n\t\t<\/section>\n\t\t\t\t<section class=\"elementor-section elementor-inner-section elementor-element elementor-element-15779c29 elementor-section-boxed elementor-section-height-default elementor-section-height-default\" data-id=\"15779c29\" data-element_type=\"section\" data-settings=\"{&quot;background_background&quot;:&quot;classic&quot;}\">\n\t\t\t\t\t\t<div class=\"elementor-container elementor-column-gap-default\">\n\t\t\t\t\t<div class=\"elementor-column elementor-col-50 elementor-inner-column elementor-element elementor-element-638ded32\" data-id=\"638ded32\" data-element_type=\"column\">\n\t\t\t<div class=\"elementor-widget-wrap elementor-element-populated\">\n\t\t\t\t\t\t<div class=\"elementor-element elementor-element-75323bd elementor-align-center elementor-widget elementor-widget-button\" data-id=\"75323bd\" data-element_type=\"widget\" data-widget_type=\"button.default\">\n\t\t\t\t<div class=\"elementor-widget-container\">\n\t\t\t\t\t\t\t\t\t<div class=\"elementor-button-wrapper\">\n\t\t\t\t\t<a class=\"elementor-button elementor-button-link elementor-size-sm elementor-animation-shrink\" href=\"https:\/\/www.leitbetrieb.com\/at\/leitbetrieb\/stern-hafferl-verkehrsgesellschaft-m-b-h\/\">\n\t\t\t\t\t\t<span class=\"elementor-button-content-wrapper\">\n\t\t\t\t\t\t\t\t\t<span class=\"elementor-button-text\">zum Firmenprofil<\/span>\n\t\t\t\t\t<\/span>\n\t\t\t\t\t<\/a>\n\t\t\t\t<\/div>\n\t\t\t\t\t\t\t\t<\/div>\n\t\t\t\t<\/div>\n\t\t\t\t\t<\/div>\n\t\t<\/div>\n\t\t\t\t<div class=\"elementor-column elementor-col-50 elementor-inner-column elementor-element elementor-element-88b8f00\" data-id=\"88b8f00\" data-element_type=\"column\">\n\t\t\t<div class=\"elementor-widget-wrap elementor-element-populated\">\n\t\t\t\t\t\t<div class=\"elementor-element elementor-element-3783713 elementor-align-center elementor-widget elementor-widget-button\" data-id=\"3783713\" data-element_type=\"widget\" data-widget_type=\"button.default\">\n\t\t\t\t<div class=\"elementor-widget-container\">\n\t\t\t\t\t\t\t\t\t<div class=\"elementor-button-wrapper\">\n\t\t\t\t\t<a class=\"elementor-button elementor-button-link elementor-size-sm elementor-animation-shrink\" href=\"https:\/\/www.meinbezirk.at\/salzkammergut\/c-wirtschaft\/neues-geschaeftsfuehrerteam-von-stern-und-hafferl-verkehr_a6375696#gallery=null\" target=\"_blank\">\n\t\t\t\t\t\t<span class=\"elementor-button-content-wrapper\">\n\t\t\t\t\t\t\t\t\t<span class=\"elementor-button-text\">zum Beitrag<\/span>\n\t\t\t\t\t<\/span>\n\t\t\t\t\t<\/a>\n\t\t\t\t<\/div>\n\t\t\t\t\t\t\t\t<\/div>\n\t\t\t\t<\/div>\n\t\t\t\t\t<\/div>\n\t\t<\/div>\n\t\t\t\t\t<\/div>\n\t\t<\/section>\n\t\t\t\t\t<\/div>\n\t\t<\/div>\n\t\t\t\t\t<\/div>\n\t\t<\/section>\n\t\t\t\t<\/div>\n\t\t","protected":false},"excerpt":{"rendered":"<p>Stern &#038; Hafferl Verkehrsgesellschaft m.b.H. | Der Leitbetrieb Stern &#038; Hafferl Verkehr mit Sitz in Gmunden pr\u00e4sentiert sein neues Gesch\u00e4ftsf\u00fchrungsteam. Die Unternehmensspitze wurde vervollst\u00e4ndigt: G\u00fcnter Neumann, Christoph D\u00f6derlein und Manfred Schmalzer stehen an der Spitze des erfolgreichen Verkehrsunternehmens.<\/p>\n","protected":false},"author":1,"featured_media":12257,"comment_status":"closed","ping_status":"closed","sticky":false,"template":"","format":"standard","meta":{"site-sidebar-layout":"default","site-content-layout":"default","ast-site-content-layout":"default","site-content-style":"default","site-sidebar-style":"default","ast-global-header-display":"","ast-banner-title-visibility":"","ast-main-header-display":"","ast-hfb-above-header-display":"","ast-hfb-below-header-display":"","ast-hfb-mobile-header-display":"","site-post-title":"","ast-breadcrumbs-content":"","ast-featured-img":"","footer-sml-layout":"","ast-disable-related-posts":"","theme-transparent-header-meta":"default","adv-header-id-meta":"","stick-header-meta":"","header-above-stick-meta":"","header-main-stick-meta":"","header-below-stick-meta":"","astra-migrate-meta-layouts":"default","ast-page-background-enabled":"default","ast-page-background-meta":{"desktop":{"background-color":"var(--ast-global-color-4)","background-image":"","background-repeat":"repeat","background-position":"center center","background-size":"auto","background-attachment":"scroll","background-type":"","background-media":"","overlay-type":"","overlay-color":"","overlay-opacity":"","overlay-gradient":""},"tablet":{"background-color":"","background-image":"","background-repeat":"repeat","background-position":"center center","background-size":"auto","background-attachment":"scroll","background-type":"","background-media":"","overlay-type":"","overlay-color":"","overlay-opacity":"","overlay-gradient":""},"mobile":{"background-color":"","background-image":"","background-repeat":"repeat","background-position":"center center","background-size":"auto","background-attachment":"scroll","background-type":"","background-media":"","overlay-type":"","overlay-color":"","overlay-opacity":"","overlay-gradient":""}},"ast-content-background-meta":{"desktop":{"background-color":"var(--ast-global-color-5)","background-image":"","background-repeat":"repeat","background-position":"center center","background-size":"auto","background-attachment":"scroll","background-type":"","background-media":"","overlay-type":"","overlay-color":"","overlay-opacity":"","overlay-gradient":""},"tablet":{"background-color":"var(--ast-global-color-5)","background-image":"","background-repeat":"repeat","background-position":"center center","background-size":"auto","background-attachment":"scroll","background-type":"","background-media":"","overlay-type":"","overlay-color":"","overlay-opacity":"","overlay-gradient":""},"mobile":{"background-color":"var(--ast-global-color-5)","background-image":"","background-repeat":"repeat","background-position":"center center","background-size":"auto","background-attachment":"scroll","background-type":"","background-media":"","overlay-type":"","overlay-color":"","overlay-opacity":"","overlay-gradient":""}},"footnotes":"","_links_to":"","_links_to_target":""},"categories":[341],"tags":[1041,354,1042,383,1043,1044],"class_list":["post-12256","post","type-post","status-publish","format-standard","has-post-thumbnail","hentry","category-news","tag-gmunden","tag-leitbetrieb","tag-mobilitaetsunternehmen","tag-ooe","tag-stern-hafferl","tag-verkehrsbetreibe"],"yoast_head":"<!-- This site is optimized with the Yoast SEO plugin v26.7 - https:\/\/yoast.com\/wordpress\/plugins\/seo\/ -->\n<title>Stern &amp; Hafferl Verkehrsgesellschaft m.b.H. | Neues Gesch\u00e4ftsf\u00fchrerteam<\/title>\n<meta name=\"description\" content=\"Stern &amp; Hafferl Verkehrsgesellschaft m.b.H. | Neues Gesch\u00e4ftsf\u00fchrerteam, Gmunden, O\u00d6, Mobilit\u00e4tsunternehmen, Gesch\u00e4ftsf\u00fchrungsteam\" \/>\n<meta name=\"robots\" content=\"index, follow, max-snippet:-1, max-image-preview:large, max-video-preview:-1\" \/>\n<link rel=\"canonical\" href=\"https:\/\/www.leitbetrieb.com\/de\/stern-hafferl-verkehrsgesellschaft-m-b-h-neues-geschaeftsfuehrerteam\/\" \/>\n<meta property=\"og:locale\" content=\"de_DE\" \/>\n<meta property=\"og:type\" content=\"article\" \/>\n<meta property=\"og:title\" content=\"Stern &amp; Hafferl Verkehrsgesellschaft m.b.H. | Neues Gesch\u00e4ftsf\u00fchrerteam\" \/>\n<meta property=\"og:description\" content=\"Stern &amp; Hafferl Verkehrsgesellschaft m.b.H. | Neues Gesch\u00e4ftsf\u00fchrerteam, Gmunden, O\u00d6, Mobilit\u00e4tsunternehmen, Gesch\u00e4ftsf\u00fchrungsteam\" \/>\n<meta property=\"og:url\" content=\"https:\/\/www.leitbetrieb.com\/de\/stern-hafferl-verkehrsgesellschaft-m-b-h-neues-geschaeftsfuehrerteam\/\" \/>\n<meta property=\"og:site_name\" content=\"Leitbetrieb DE\" \/>\n<meta property=\"article:published_time\" content=\"2023-11-14T09:59:45+00:00\" \/>\n<meta property=\"article:modified_time\" content=\"2023-11-14T10:03:48+00:00\" \/>\n<meta property=\"og:image\" content=\"https:\/\/www.leitbetrieb.com\/de\/wp-content\/uploads\/sites\/5\/2023-11-14_Stern-Hafferl-Verkehr_TB.jpg\" \/>\n\t<meta property=\"og:image:width\" content=\"850\" \/>\n\t<meta property=\"og:image:height\" content=\"609\" \/>\n\t<meta property=\"og:image:type\" content=\"image\/jpeg\" \/>\n<meta name=\"author\" content=\"p584314\" \/>\n<meta name=\"twitter:card\" content=\"summary_large_image\" \/>\n<meta name=\"twitter:label1\" content=\"Verfasst von\" \/>\n\t<meta name=\"twitter:data1\" content=\"p584314\" \/>\n\t<meta name=\"twitter:label2\" content=\"Gesch\u00e4tzte Lesezeit\" \/>\n\t<meta name=\"twitter:data2\" content=\"2\u00a0Minuten\" \/>\n<script type=\"application\/ld+json\" class=\"yoast-schema-graph\">{\"@context\":\"https:\/\/schema.org\",\"@graph\":[{\"@type\":\"Article\",\"@id\":\"https:\/\/www.leitbetrieb.com\/de\/stern-hafferl-verkehrsgesellschaft-m-b-h-neues-geschaeftsfuehrerteam\/#article\",\"isPartOf\":{\"@id\":\"https:\/\/www.leitbetrieb.com\/de\/stern-hafferl-verkehrsgesellschaft-m-b-h-neues-geschaeftsfuehrerteam\/\"},\"author\":{\"name\":\"p584314\",\"@id\":\"https:\/\/www.leitbetrieb.com\/de\/#\/schema\/person\/164d90036db862489d0582d89949542f\"},\"headline\":\"Stern &#038; Hafferl Verkehrsgesellschaft m.b.H. | Neues Gesch\u00e4ftsf\u00fchrerteam\",\"datePublished\":\"2023-11-14T09:59:45+00:00\",\"dateModified\":\"2023-11-14T10:03:48+00:00\",\"mainEntityOfPage\":{\"@id\":\"https:\/\/www.leitbetrieb.com\/de\/stern-hafferl-verkehrsgesellschaft-m-b-h-neues-geschaeftsfuehrerteam\/\"},\"wordCount\":489,\"image\":{\"@id\":\"https:\/\/www.leitbetrieb.com\/de\/stern-hafferl-verkehrsgesellschaft-m-b-h-neues-geschaeftsfuehrerteam\/#primaryimage\"},\"thumbnailUrl\":\"https:\/\/www.leitbetrieb.com\/de\/wp-content\/uploads\/sites\/5\/2023-11-14_Stern-Hafferl-Verkehr_TB.jpg\",\"keywords\":[\"Gmunden\",\"Leitbetrieb\",\"Mobilit\u00e4tsunternehmen\",\"O\u00d6\",\"Stern Hafferl\",\"Verkehrsbetreibe\"],\"articleSection\":[\"News\"],\"inLanguage\":\"de\"},{\"@type\":\"WebPage\",\"@id\":\"https:\/\/www.leitbetrieb.com\/de\/stern-hafferl-verkehrsgesellschaft-m-b-h-neues-geschaeftsfuehrerteam\/\",\"url\":\"https:\/\/www.leitbetrieb.com\/de\/stern-hafferl-verkehrsgesellschaft-m-b-h-neues-geschaeftsfuehrerteam\/\",\"name\":\"Stern & Hafferl Verkehrsgesellschaft m.b.H. | Neues Gesch\u00e4ftsf\u00fchrerteam\",\"isPartOf\":{\"@id\":\"https:\/\/www.leitbetrieb.com\/de\/#website\"},\"primaryImageOfPage\":{\"@id\":\"https:\/\/www.leitbetrieb.com\/de\/stern-hafferl-verkehrsgesellschaft-m-b-h-neues-geschaeftsfuehrerteam\/#primaryimage\"},\"image\":{\"@id\":\"https:\/\/www.leitbetrieb.com\/de\/stern-hafferl-verkehrsgesellschaft-m-b-h-neues-geschaeftsfuehrerteam\/#primaryimage\"},\"thumbnailUrl\":\"https:\/\/www.leitbetrieb.com\/de\/wp-content\/uploads\/sites\/5\/2023-11-14_Stern-Hafferl-Verkehr_TB.jpg\",\"datePublished\":\"2023-11-14T09:59:45+00:00\",\"dateModified\":\"2023-11-14T10:03:48+00:00\",\"author\":{\"@id\":\"https:\/\/www.leitbetrieb.com\/de\/#\/schema\/person\/164d90036db862489d0582d89949542f\"},\"description\":\"Stern & Hafferl Verkehrsgesellschaft m.b.H. | Neues Gesch\u00e4ftsf\u00fchrerteam, Gmunden, O\u00d6, Mobilit\u00e4tsunternehmen, Gesch\u00e4ftsf\u00fchrungsteam\",\"breadcrumb\":{\"@id\":\"https:\/\/www.leitbetrieb.com\/de\/stern-hafferl-verkehrsgesellschaft-m-b-h-neues-geschaeftsfuehrerteam\/#breadcrumb\"},\"inLanguage\":\"de\",\"potentialAction\":[{\"@type\":\"ReadAction\",\"target\":[\"https:\/\/www.leitbetrieb.com\/de\/stern-hafferl-verkehrsgesellschaft-m-b-h-neues-geschaeftsfuehrerteam\/\"]}]},{\"@type\":\"ImageObject\",\"inLanguage\":\"de\",\"@id\":\"https:\/\/www.leitbetrieb.com\/de\/stern-hafferl-verkehrsgesellschaft-m-b-h-neues-geschaeftsfuehrerteam\/#primaryimage\",\"url\":\"https:\/\/www.leitbetrieb.com\/de\/wp-content\/uploads\/sites\/5\/2023-11-14_Stern-Hafferl-Verkehr_TB.jpg\",\"contentUrl\":\"https:\/\/www.leitbetrieb.com\/de\/wp-content\/uploads\/sites\/5\/2023-11-14_Stern-Hafferl-Verkehr_TB.jpg\",\"width\":850,\"height\":609},{\"@type\":\"BreadcrumbList\",\"@id\":\"https:\/\/www.leitbetrieb.com\/de\/stern-hafferl-verkehrsgesellschaft-m-b-h-neues-geschaeftsfuehrerteam\/#breadcrumb\",\"itemListElement\":[{\"@type\":\"ListItem\",\"position\":1,\"name\":\"Startseite\",\"item\":\"https:\/\/www.leitbetrieb.com\/de\/\"},{\"@type\":\"ListItem\",\"position\":2,\"name\":\"Stern &#038; Hafferl Verkehrsgesellschaft m.b.H. | Neues Gesch\u00e4ftsf\u00fchrerteam\"}]},{\"@type\":\"WebSite\",\"@id\":\"https:\/\/www.leitbetrieb.com\/de\/#website\",\"url\":\"https:\/\/www.leitbetrieb.com\/de\/\",\"name\":\"Leitbetrieb DE\",\"description\":\"Leitbetrieb \u00d6sterreich - Leitbetrieb Deutschland\",\"potentialAction\":[{\"@type\":\"SearchAction\",\"target\":{\"@type\":\"EntryPoint\",\"urlTemplate\":\"https:\/\/www.leitbetrieb.com\/de\/?s={search_term_string}\"},\"query-input\":{\"@type\":\"PropertyValueSpecification\",\"valueRequired\":true,\"valueName\":\"search_term_string\"}}],\"inLanguage\":\"de\"},{\"@type\":\"Person\",\"@id\":\"https:\/\/www.leitbetrieb.com\/de\/#\/schema\/person\/164d90036db862489d0582d89949542f\",\"name\":\"p584314\"}]}<\/script>\n<!-- \/ Yoast SEO plugin. -->","yoast_head_json":{"title":"Stern & Hafferl Verkehrsgesellschaft m.b.H. | Neues Gesch\u00e4ftsf\u00fchrerteam","description":"Stern & Hafferl Verkehrsgesellschaft m.b.H. | Neues Gesch\u00e4ftsf\u00fchrerteam, Gmunden, O\u00d6, Mobilit\u00e4tsunternehmen, Gesch\u00e4ftsf\u00fchrungsteam","robots":{"index":"index","follow":"follow","max-snippet":"max-snippet:-1","max-image-preview":"max-image-preview:large","max-video-preview":"max-video-preview:-1"},"canonical":"https:\/\/www.leitbetrieb.com\/de\/stern-hafferl-verkehrsgesellschaft-m-b-h-neues-geschaeftsfuehrerteam\/","og_locale":"de_DE","og_type":"article","og_title":"Stern & Hafferl Verkehrsgesellschaft m.b.H. | Neues Gesch\u00e4ftsf\u00fchrerteam","og_description":"Stern & Hafferl Verkehrsgesellschaft m.b.H. | Neues Gesch\u00e4ftsf\u00fchrerteam, Gmunden, O\u00d6, Mobilit\u00e4tsunternehmen, Gesch\u00e4ftsf\u00fchrungsteam","og_url":"https:\/\/www.leitbetrieb.com\/de\/stern-hafferl-verkehrsgesellschaft-m-b-h-neues-geschaeftsfuehrerteam\/","og_site_name":"Leitbetrieb DE","article_published_time":"2023-11-14T09:59:45+00:00","article_modified_time":"2023-11-14T10:03:48+00:00","og_image":[{"width":850,"height":609,"url":"https:\/\/www.leitbetrieb.com\/de\/wp-content\/uploads\/sites\/5\/2023-11-14_Stern-Hafferl-Verkehr_TB.jpg","type":"image\/jpeg"}],"author":"p584314","twitter_card":"summary_large_image","twitter_misc":{"Verfasst von":"p584314","Gesch\u00e4tzte Lesezeit":"2\u00a0Minuten"},"schema":{"@context":"https:\/\/schema.org","@graph":[{"@type":"Article","@id":"https:\/\/www.leitbetrieb.com\/de\/stern-hafferl-verkehrsgesellschaft-m-b-h-neues-geschaeftsfuehrerteam\/#article","isPartOf":{"@id":"https:\/\/www.leitbetrieb.com\/de\/stern-hafferl-verkehrsgesellschaft-m-b-h-neues-geschaeftsfuehrerteam\/"},"author":{"name":"p584314","@id":"https:\/\/www.leitbetrieb.com\/de\/#\/schema\/person\/164d90036db862489d0582d89949542f"},"headline":"Stern &#038; Hafferl Verkehrsgesellschaft m.b.H. | Neues Gesch\u00e4ftsf\u00fchrerteam","datePublished":"2023-11-14T09:59:45+00:00","dateModified":"2023-11-14T10:03:48+00:00","mainEntityOfPage":{"@id":"https:\/\/www.leitbetrieb.com\/de\/stern-hafferl-verkehrsgesellschaft-m-b-h-neues-geschaeftsfuehrerteam\/"},"wordCount":489,"image":{"@id":"https:\/\/www.leitbetrieb.com\/de\/stern-hafferl-verkehrsgesellschaft-m-b-h-neues-geschaeftsfuehrerteam\/#primaryimage"},"thumbnailUrl":"https:\/\/www.leitbetrieb.com\/de\/wp-content\/uploads\/sites\/5\/2023-11-14_Stern-Hafferl-Verkehr_TB.jpg","keywords":["Gmunden","Leitbetrieb","Mobilit\u00e4tsunternehmen","O\u00d6","Stern Hafferl","Verkehrsbetreibe"],"articleSection":["News"],"inLanguage":"de"},{"@type":"WebPage","@id":"https:\/\/www.leitbetrieb.com\/de\/stern-hafferl-verkehrsgesellschaft-m-b-h-neues-geschaeftsfuehrerteam\/","url":"https:\/\/www.leitbetrieb.com\/de\/stern-hafferl-verkehrsgesellschaft-m-b-h-neues-geschaeftsfuehrerteam\/","name":"Stern & Hafferl Verkehrsgesellschaft m.b.H. | Neues Gesch\u00e4ftsf\u00fchrerteam","isPartOf":{"@id":"https:\/\/www.leitbetrieb.com\/de\/#website"},"primaryImageOfPage":{"@id":"https:\/\/www.leitbetrieb.com\/de\/stern-hafferl-verkehrsgesellschaft-m-b-h-neues-geschaeftsfuehrerteam\/#primaryimage"},"image":{"@id":"https:\/\/www.leitbetrieb.com\/de\/stern-hafferl-verkehrsgesellschaft-m-b-h-neues-geschaeftsfuehrerteam\/#primaryimage"},"thumbnailUrl":"https:\/\/www.leitbetrieb.com\/de\/wp-content\/uploads\/sites\/5\/2023-11-14_Stern-Hafferl-Verkehr_TB.jpg","datePublished":"2023-11-14T09:59:45+00:00","dateModified":"2023-11-14T10:03:48+00:00","author":{"@id":"https:\/\/www.leitbetrieb.com\/de\/#\/schema\/person\/164d90036db862489d0582d89949542f"},"description":"Stern & Hafferl Verkehrsgesellschaft m.b.H. | Neues Gesch\u00e4ftsf\u00fchrerteam, Gmunden, O\u00d6, Mobilit\u00e4tsunternehmen, Gesch\u00e4ftsf\u00fchrungsteam","breadcrumb":{"@id":"https:\/\/www.leitbetrieb.com\/de\/stern-hafferl-verkehrsgesellschaft-m-b-h-neues-geschaeftsfuehrerteam\/#breadcrumb"},"inLanguage":"de","potentialAction":[{"@type":"ReadAction","target":["https:\/\/www.leitbetrieb.com\/de\/stern-hafferl-verkehrsgesellschaft-m-b-h-neues-geschaeftsfuehrerteam\/"]}]},{"@type":"ImageObject","inLanguage":"de","@id":"https:\/\/www.leitbetrieb.com\/de\/stern-hafferl-verkehrsgesellschaft-m-b-h-neues-geschaeftsfuehrerteam\/#primaryimage","url":"https:\/\/www.leitbetrieb.com\/de\/wp-content\/uploads\/sites\/5\/2023-11-14_Stern-Hafferl-Verkehr_TB.jpg","contentUrl":"https:\/\/www.leitbetrieb.com\/de\/wp-content\/uploads\/sites\/5\/2023-11-14_Stern-Hafferl-Verkehr_TB.jpg","width":850,"height":609},{"@type":"BreadcrumbList","@id":"https:\/\/www.leitbetrieb.com\/de\/stern-hafferl-verkehrsgesellschaft-m-b-h-neues-geschaeftsfuehrerteam\/#breadcrumb","itemListElement":[{"@type":"ListItem","position":1,"name":"Startseite","item":"https:\/\/www.leitbetrieb.com\/de\/"},{"@type":"ListItem","position":2,"name":"Stern &#038; Hafferl Verkehrsgesellschaft m.b.H. | Neues Gesch\u00e4ftsf\u00fchrerteam"}]},{"@type":"WebSite","@id":"https:\/\/www.leitbetrieb.com\/de\/#website","url":"https:\/\/www.leitbetrieb.com\/de\/","name":"Leitbetrieb DE","description":"Leitbetrieb \u00d6sterreich - Leitbetrieb Deutschland","potentialAction":[{"@type":"SearchAction","target":{"@type":"EntryPoint","urlTemplate":"https:\/\/www.leitbetrieb.com\/de\/?s={search_term_string}"},"query-input":{"@type":"PropertyValueSpecification","valueRequired":true,"valueName":"search_term_string"}}],"inLanguage":"de"},{"@type":"Person","@id":"https:\/\/www.leitbetrieb.com\/de\/#\/schema\/person\/164d90036db862489d0582d89949542f","name":"p584314"}]}},"_links":{"self":[{"href":"https:\/\/www.leitbetrieb.com\/de\/wp-json\/wp\/v2\/posts\/12256","targetHints":{"allow":["GET"]}}],"collection":[{"href":"https:\/\/www.leitbetrieb.com\/de\/wp-json\/wp\/v2\/posts"}],"about":[{"href":"https:\/\/www.leitbetrieb.com\/de\/wp-json\/wp\/v2\/types\/post"}],"author":[{"embeddable":true,"href":"https:\/\/www.leitbetrieb.com\/de\/wp-json\/wp\/v2\/users\/1"}],"replies":[{"embeddable":true,"href":"https:\/\/www.leitbetrieb.com\/de\/wp-json\/wp\/v2\/comments?post=12256"}],"version-history":[{"count":7,"href":"https:\/\/www.leitbetrieb.com\/de\/wp-json\/wp\/v2\/posts\/12256\/revisions"}],"predecessor-version":[{"id":12264,"href":"https:\/\/www.leitbetrieb.com\/de\/wp-json\/wp\/v2\/posts\/12256\/revisions\/12264"}],"wp:featuredmedia":[{"embeddable":true,"href":"https:\/\/www.leitbetrieb.com\/de\/wp-json\/wp\/v2\/media\/12257"}],"wp:attachment":[{"href":"https:\/\/www.leitbetrieb.com\/de\/wp-json\/wp\/v2\/media?parent=12256"}],"wp:term":[{"taxonomy":"category","embeddable":true,"href":"https:\/\/www.leitbetrieb.com\/de\/wp-json\/wp\/v2\/categories?post=12256"},{"taxonomy":"post_tag","embeddable":true,"href":"https:\/\/www.leitbetrieb.com\/de\/wp-json\/wp\/v2\/tags?post=12256"}],"curies":[{"name":"wp","href":"https:\/\/api.w.org\/{rel}","templated":true}]}}